{"id":8312,"date":"2024-10-11T13:06:25","date_gmt":"2024-10-11T16:06:25","guid":{"rendered":"https:\/\/partediario.com.ar\/?p=8312"},"modified":"2024-10-14T20:20:25","modified_gmt":"2024-10-14T23:20:25","slug":"el-rio-amazonas-se-esta-secando","status":"publish","type":"post","link":"https:\/\/partediario.com.ar\/?p=8312","title":{"rendered":"El r\u00edo Amazonas se est\u00e1 secando"},"content":{"rendered":"\n<h3 class=\"wp-block-heading\">El Gobierno de Brasil anunci\u00f3 que dragar\u00e1 varios tramos del r\u00edo Amazonas debido a que el nivel del agua se est\u00e1 reduciendo a pozas superficiales de apenas unos metros de profundidad. Se retirar\u00edan sedimentos en cuatro tramos estrat\u00e9gicos de su cauce y se trasladar\u00edan a zonas donde el agua es m\u00e1s profunda.<\/h3>\n\n\n\n<p>La decisi\u00f3n permitir\u00e1 la circulaci\u00f3n de personas y mercanc\u00edas, incluso en tiempos de sequ\u00eda, detallaron fuentes oficiales.<\/p>\n\n\n\n<p><\/p>\n\n\n\n<figure class=\"wp-block-image size-full\"><img loading=\"lazy\" decoding=\"async\" width=\"674\" height=\"430\" src=\"https:\/\/partediario.com.ar\/wp-content\/uploads\/460073114_1067200265112484_7364649790821373922_n-1.jpg\" alt=\"\" class=\"wp-image-8314\" srcset=\"https:\/\/partediario.com.ar\/wp-content\/uploads\/460073114_1067200265112484_7364649790821373922_n-1.jpg 674w, https:\/\/partediario.com.ar\/wp-content\/uploads\/460073114_1067200265112484_7364649790821373922_n-1-300x191.jpg 300w\" sizes=\"auto, (max-width: 674px) 100vw, 674px\" \/><\/figure>\n\n\n\n<p><\/p>\n\n\n\n<p>Cient\u00edficos advirtieron podr\u00edan quedar huellas duraderas en los sistemas acu\u00e1ticos y perjudicar\u00edan las plantas y los animales.<\/p>\n\n\n\n<p>El Servicio Geol\u00f3gico de Brasil indic\u00f3 que en septiembre el r\u00edo descendi\u00f3 a su nivel m\u00e1s bajo jam\u00e1s registrado, unos 7.6 metros por debajo de la media para esta \u00e9poca del a\u00f1o.<\/p>\n\n\n\n<p>El director del Departamento Nacional de Infraestructuras de Transporte, Fabricio de Oliveira Galv\u00e3o, se\u00f1al\u00f3: \u201cEn algunos lugares, pr\u00e1cticamente podemos ver la vegetaci\u00f3n en la superficie del r\u00edo, el agua est\u00e1 tan baja que las plantas del lecho quedan expuestas\u201d.<\/p>\n\n\n\n<p>La cuenca del r\u00edo Amazonas se delimita a partir de la divisoria de aguas y comprende la superficie que ocupa el r\u00edo y sus miles de tributarios, cubriendo una extensi\u00f3n de 7.352.112 km2, en seis pa\u00edses: Bolivia, Brasil, Colombia, Ecuador, Per\u00fa y Venezuela<\/p>\n\n\n\n<p>El descenso de las aguas impact\u00f3 negativamente el traslado de personas y cargas vitales a trav\u00e9s de embarcaciones, as\u00ed como el acceso de buques de carga al centro internacional de producci\u00f3n de Manaos.<\/p>\n\n\n\n<p>Sin embargo estas no son las \u00fanicas actividades afectadas. Seg\u00fan el Instituto Brasile\u00f1o de Geograf\u00eda y Estad\u00edstica (IBGE), la sequ\u00eda gener\u00f3 un incremento en septiembre de 0,44 por ciento en los precios (mayor variaci\u00f3n del mes desde 2021) y un 0,50 por ciento en precios de los alimentos.<\/p>\n\n\n\n<p>Debido al aporte de la generaci\u00f3n hidroel\u00e9ctrica a la matriz energ\u00e9tica nacional, la falta de precipitaciones tambi\u00e9n encareci\u00f3 la electricidad, causando un aumento de casi 0.90 reales cada 100 kWh.<\/p>\n\n\n\n<p><strong>El cambio clim\u00e1tico<\/strong><\/p>\n\n\n\n<p>El investigador de la Universidad Federal de Santa Catarina, en Brasil, Bernardo Flores, destac\u00f3 que en algunas regiones de la Amazon\u00eda la temperatura media aument\u00f3 un 2 por ciento desde la d\u00e9cada de 1980 y, de acuerdo a los pron\u00f3sticos, continuar\u00e1 subiendo.<\/p>\n\n\n\n<p>Flores destac\u00f3: \u201cToda la Amazonia se est\u00e1 calentando mucho m\u00e1s \u2026 y esto tiene una influencia enorme. La sequ\u00eda actual est\u00e1 asociada a estas temperaturas mucho m\u00e1s altas\u201d.<\/p>\n\n\n\n<p>El cambio clim\u00e1tico, la deforestaci\u00f3n y los constantes incendios son la raz\u00f3n principal de la sequ\u00eda en la regi\u00f3n y, por consiguiente, del descenso de las aguas del r\u00edo Amazonas.<\/p>\n\n\n\n<p>El r\u00edo Amazonas nace en la cordillera andina a 6600 metros sobre el nivel del mar y desemboca en el oc\u00e9ano Atl\u00e1ntico.<\/p>\n\n\n\n<p>En la cuenca del Amazonas se conocen m\u00e1s de 2700 especies de peces (1900 de las cuales son end\u00e9micas), lo que supone aproximadamente el 8 % de las especies de peces del mundo. Cada a\u00f1o se encuentran aproximadamente 35 nuevas especies, a una media de una cada 10 d\u00edas.<\/p>\n\n\n\n<p>M\u00e1s all\u00e1 de su asombrosa diversidad de vida, el r\u00edo Amazonas es una fuente de vida para los m\u00e1s de 47 millones de personas que viven en sus riberas y a los largo de su cuenca.<\/p>\n\n\n\n<p>Casi 2,2 millones de ind\u00edgenas, que representan a m\u00e1s de 400 grupos \u00e9tnicos diferentes, llaman a la cuenca su casa.<\/p>\n\n\n\n<p>Para muchos, el pescado del r\u00edo es su principal fuente de prote\u00ednas. Una sola persona puede consumir cerca de medio kilo de pescado al d\u00eda en ciertas comunidades.<\/p>\n\n\n\n<p>La salud del r\u00edo Amazonas se est\u00e1 viendo amenazada. Las presas hidroel\u00e9ctricas, las especies invasoras y la contaminaci\u00f3n siguen degradando sus aguas.<\/p>\n\n\n\n<p>La deforestaci\u00f3n y la conversi\u00f3n a la agricultura, la miner\u00eda, la expansi\u00f3n urbana y otras tensiones afectan tambi\u00e9n al flujo y la calidad del agua que entra en el r\u00edo.<\/p>\n","protected":false},"excerpt":{"rendered":"<p>El Gobierno de Brasil anunci&oacute; que dragar&aacute; varios tramos del r&iacute;o Amazonas debido a que el nivel del agua se est&aacute; reduciendo a pozas superficiales de apenas unos metros de profundidad. Se retirar&iacute;an sedimentos en cuatro tramos estrat&eacute;gicos de su cauce y se trasladar&iacute;an a zonas donde el agua es m&aacute;s profunda. La decisi&oacute;n permitir&aacute; [&hellip;]<\/p>\n","protected":false},"author":2,"featured_media":8315,"comment_status":"open","ping_status":"open","sticky":false,"template":"","format":"standard","meta":{"footnotes":""},"categories":[9,726],"tags":[3737,563,3740,3741],"class_list":["post-8312","post","type-post","status-publish","format-standard","has-post-thumbnail","hentry","category-internacionales","category-sociedad","tag-amazonas","tag-brasil","tag-desciende","tag-nivel"],"_links":{"self":[{"href":"https:\/\/partediario.com.ar\/index.php?rest_route=\/wp\/v2\/posts\/8312","targetHints":{"allow":["GET"]}}],"collection":[{"href":"https:\/\/partediario.com.ar\/index.php?rest_route=\/wp\/v2\/posts"}],"about":[{"href":"https:\/\/partediario.com.ar\/index.php?rest_route=\/wp\/v2\/types\/post"}],"author":[{"embeddable":true,"href":"https:\/\/partediario.com.ar\/index.php?rest_route=\/wp\/v2\/users\/2"}],"replies":[{"embeddable":true,"href":"https:\/\/partediario.com.ar\/index.php?rest_route=%2Fwp%2Fv2%2Fcomments&post=8312"}],"version-history":[{"count":1,"href":"https:\/\/partediario.com.ar\/index.php?rest_route=\/wp\/v2\/posts\/8312\/revisions"}],"predecessor-version":[{"id":8316,"href":"https:\/\/partediario.com.ar\/index.php?rest_route=\/wp\/v2\/posts\/8312\/revisions\/8316"}],"wp:featuredmedia":[{"embeddable":true,"href":"https:\/\/partediario.com.ar\/index.php?rest_route=\/wp\/v2\/media\/8315"}],"wp:attachment":[{"href":"https:\/\/partediario.com.ar\/index.php?rest_route=%2Fwp%2Fv2%2Fmedia&parent=8312"}],"wp:term":[{"taxonomy":"category","embeddable":true,"href":"https:\/\/partediario.com.ar\/index.php?rest_route=%2Fwp%2Fv2%2Fcategories&post=8312"},{"taxonomy":"post_tag","embeddable":true,"href":"https:\/\/partediario.com.ar\/index.php?rest_route=%2Fwp%2Fv2%2Ftags&post=8312"}],"curies":[{"name":"wp","href":"https:\/\/api.w.org\/{rel}","templated":true}]}}