{"id":8317,"date":"2024-10-12T12:41:45","date_gmt":"2024-10-12T15:41:45","guid":{"rendered":"https:\/\/partediario.com.ar\/?p=8317"},"modified":"2024-10-14T20:20:19","modified_gmt":"2024-10-14T23:20:19","slug":"murio-el-diputado-hector-stefani","status":"publish","type":"post","link":"https:\/\/partediario.com.ar\/?p=8317","title":{"rendered":"Muri\u00f3 el diputado H\u00e9ctor Stefani"},"content":{"rendered":"\n<h3 class=\"wp-block-heading\">El diputado nacional del PRO por Tierra del Fuego H\u00e9ctor Stefani falleci\u00f3 hoy en la ciudad de Buenos Aires, a ra\u00edz de la lucha contra el c\u00e1ncer por la cual hab\u00eda sido internado d\u00edas atr\u00e1s. Ten\u00eda 64 a\u00f1os.<\/h3>\n\n\n\n<p>La noticia fue informada desde su cuenta oficial de X: \u00abCon profundo pesar, queremos informar el fallecimiento de Tito Stefani, en un d\u00eda especial que coincide con el aniversario de la ciudad de Ushuaia, un lugar que siempre consider\u00f3 su hogar y al que dedic\u00f3 gran parte de su vida\u00bb.<\/p>\n\n\n\n<p><\/p>\n\n\n\n<blockquote class=\"twitter-tweet\"><p lang=\"es\" dir=\"ltr\">Con profundo pesar, queremos informar el fallecimiento de Tito Stefani, en un d\u00eda especial que coincide con el aniversario de la ciudad de Ushuaia, un lugar que siempre consider\u00f3 su hogar y al que dedic\u00f3 gran parte de su vida.<br><br>Tito se entreg\u00f3 plenamente al servicio p\u00fablico,\u2026<\/p>&mdash; Tito Stefani (@Titostefani) <a href=\"https:\/\/twitter.com\/Titostefani\/status\/1845064634660790720?ref_src=twsrc%5Etfw\">October 12, 2024<\/a><\/blockquote> <script async src=\"https:\/\/platform.twitter.com\/widgets.js\" charset=\"utf-8\"><\/script>\n\n\n\n<p><\/p>\n\n\n\n<p>\u00abTito se entreg\u00f3 plenamente al servicio p\u00fablico, trabajando incansablemente por el bienestar de Tierra del Fuego. Su compromiso con los fueguinos ser\u00e1 recordado, y su legado permanecer\u00e1 vivo en todos aquellos que contin\u00faan su lucha por los valores que defendi\u00f3 con pasi\u00f3n\u00bb, a\u00f1ade el texto.<\/p>\n\n\n\n<p>Finalizando, en el mensaje difundido en las redes sociales, agradecen a las \u00abpersonas que lo acompa\u00f1aron a lo largo de su vida y su carrera\u00bb y pidieron \u00abque lo mantengan en sus pensamientos\u00bb. \u00abEnviamos nuestras m\u00e1s sinceras condolencias a su familia y amigos en este dif\u00edcil momento\u00bb.<\/p>\n\n\n\n<p>Stefani naci\u00f3 en la localidad de Las Flores, provincia de Buenos Aires, y realiz\u00f3 sus estudios en Seguridad Mar\u00edtima en la Escuela de la Prefectura Naval. Era padre de cuatro hijos.<\/p>\n\n\n\n<p>Su profesi\u00f3n lo movi\u00f3 a Ushuaia cuando fue destinado a capit\u00e1n del guardacostas Canal Beagle, en 1989.<\/p>\n\n\n\n<p>Inici\u00f3 su carrera pol\u00edtica en el Movimiento Popular Fueguino (MOPOF). Su primera experiencia fue la Intendencia de Ushuaia y, con posterioridad fue director del Puerto Provincial.<\/p>\n","protected":false},"excerpt":{"rendered":"<p>El diputado nacional del PRO por Tierra del Fuego H&eacute;ctor Stefani falleci&oacute; hoy en la ciudad de Buenos Aires, a ra&iacute;z de la lucha contra el c&aacute;ncer por la cual hab&iacute;a sido internado d&iacute;as atr&aacute;s. Ten&iacute;a 64 a&ntilde;os. La noticia fue informada desde su cuenta oficial de X: &laquo;Con profundo pesar, queremos informar el fallecimiento [&hellip;]<\/p>\n","protected":false},"author":2,"featured_media":8318,"comment_status":"open","ping_status":"open","sticky":false,"template":"","format":"standard","meta":{"footnotes":""},"categories":[5,176],"tags":[2394,3742,908,2062,3743],"class_list":["post-8317","post","type-post","status-publish","format-standard","has-post-thumbnail","hentry","category-nacionales","category-politica","tag-diputado","tag-hector-stefani","tag-muerte","tag-pro","tag-ushuaia"],"_links":{"self":[{"href":"https:\/\/partediario.com.ar\/index.php?rest_route=\/wp\/v2\/posts\/8317","targetHints":{"allow":["GET"]}}],"collection":[{"href":"https:\/\/partediario.com.ar\/index.php?rest_route=\/wp\/v2\/posts"}],"about":[{"href":"https:\/\/partediario.com.ar\/index.php?rest_route=\/wp\/v2\/types\/post"}],"author":[{"embeddable":true,"href":"https:\/\/partediario.com.ar\/index.php?rest_route=\/wp\/v2\/users\/2"}],"replies":[{"embeddable":true,"href":"https:\/\/partediario.com.ar\/index.php?rest_route=%2Fwp%2Fv2%2Fcomments&post=8317"}],"version-history":[{"count":1,"href":"https:\/\/partediario.com.ar\/index.php?rest_route=\/wp\/v2\/posts\/8317\/revisions"}],"predecessor-version":[{"id":8319,"href":"https:\/\/partediario.com.ar\/index.php?rest_route=\/wp\/v2\/posts\/8317\/revisions\/8319"}],"wp:featuredmedia":[{"embeddable":true,"href":"https:\/\/partediario.com.ar\/index.php?rest_route=\/wp\/v2\/media\/8318"}],"wp:attachment":[{"href":"https:\/\/partediario.com.ar\/index.php?rest_route=%2Fwp%2Fv2%2Fmedia&parent=8317"}],"wp:term":[{"taxonomy":"category","embeddable":true,"href":"https:\/\/partediario.com.ar\/index.php?rest_route=%2Fwp%2Fv2%2Fcategories&post=8317"},{"taxonomy":"post_tag","embeddable":true,"href":"https:\/\/partediario.com.ar\/index.php?rest_route=%2Fwp%2Fv2%2Ftags&post=8317"}],"curies":[{"name":"wp","href":"https:\/\/api.w.org\/{rel}","templated":true}]}}