{"id":8320,"date":"2024-10-12T12:48:47","date_gmt":"2024-10-12T15:48:47","guid":{"rendered":"https:\/\/partediario.com.ar\/?p=8320"},"modified":"2024-10-14T20:20:14","modified_gmt":"2024-10-14T23:20:14","slug":"baja-la-inflacion-pero-crece-la-preocupacion-por-la-pobreza","status":"publish","type":"post","link":"https:\/\/partediario.com.ar\/?p=8320","title":{"rendered":"Baja la inflaci\u00f3n, pero crece la preocupaci\u00f3n por la pobreza"},"content":{"rendered":"\n<h3 class=\"wp-block-heading\">Se trata del \u00cdndice de Incertidumbre Econ\u00f3mica llevado a cabo por el Centro de Anal\u00edtica Econ\u00f3mica y Empresarial de la Facultad de Ciencias Econ\u00f3micas de la UCA, dirigido por Daniel Arom\u00ed.<\/h3>\n\n\n\n<p>Este indicador sintetiza las opiniones econ\u00f3micas transmitidas por comentarios en canales argentinos de la plataforma YouTube.<\/p>\n\n\n\n<p>En septiembre, el \u00cdndice de Incertidumbre Econ\u00f3mica UCA registr\u00f3 una nueva ca\u00edda que lo ubica en valores similares a lo observado, en promedio, durante el a\u00f1o 2021.<\/p>\n\n\n\n<p>Esta ca\u00edda se explica, en gran parte, por un descenso en la preocupaci\u00f3n por la inestabilidad econ\u00f3mica, inflaci\u00f3n y el d\u00f3lar.<\/p>\n\n\n\n<p>En contraste, las preocupaciones relacionadas con la pobreza se mantiene en constante incremento a lo largo del a\u00f1o.<\/p>\n\n\n\n<p>El \u00cdndice en el mes de septiembre fue de 57,6, es decir, en promedio, por cada 10.000 palabras en mensajes econ\u00f3micos, se detectaron 57,6 palabras vinculadas a incertidumbre.<\/p>\n\n\n\n<p>La \u00faltima medici\u00f3n es el valor m\u00e1s bajo de los \u00faltimos 20 meses. \u00abGracias a su persistente ca\u00edda, en septiembre el \u00edndice similar a lo observado, en promedio, durante 2021. Adicionalmente, como resultado de la persistente ca\u00edda, el valor del \u00edndice en septiembre es 36% inferior al r\u00e9cord hist\u00f3rico de la serie observado en noviembre 2023\u00bb, detallaron desde la UCA.<\/p>\n\n\n\n<p>A pesar de la baja, el nivel de incertidumbre contin\u00faa siendo muy elevado. Por ejemplo, los valores actuales superan lo observado en el momento m\u00e1s severo de la crisis cambiaria del a\u00f1o 2018.<\/p>\n\n\n\n<p>A lo largo del a\u00f1o cayeron persistentemente las referencias a inflaci\u00f3n o d\u00f3lar (inestabilidad econ\u00f3mica), pero crecieron las de pobreza y en septiembre representaron 29,4%.<\/p>\n\n\n\n<p>De modo similar, a lo largo del a\u00f1o, se observa un incremento en las preocupaciones referidas a cuestiones laborales.<\/p>\n","protected":false},"excerpt":{"rendered":"<p>Se trata del &Iacute;ndice de Incertidumbre Econ&oacute;mica llevado a cabo por el Centro de Anal&iacute;tica Econ&oacute;mica y Empresarial de la Facultad de Ciencias Econ&oacute;micas de la UCA, dirigido por Daniel Arom&iacute;. Este indicador sintetiza las opiniones econ&oacute;micas transmitidas por comentarios en canales argentinos de la plataforma YouTube. En septiembre, el &Iacute;ndice de Incertidumbre Econ&oacute;mica UCA [&hellip;]<\/p>\n","protected":false},"author":2,"featured_media":8321,"comment_status":"open","ping_status":"open","sticky":false,"template":"","format":"standard","meta":{"footnotes":""},"categories":[5,176],"tags":[3744,1606,722],"class_list":["post-8320","post","type-post","status-publish","format-standard","has-post-thumbnail","hentry","category-nacionales","category-politica","tag-daniel-aromi","tag-inflacion","tag-pobreza"],"_links":{"self":[{"href":"https:\/\/partediario.com.ar\/index.php?rest_route=\/wp\/v2\/posts\/8320","targetHints":{"allow":["GET"]}}],"collection":[{"href":"https:\/\/partediario.com.ar\/index.php?rest_route=\/wp\/v2\/posts"}],"about":[{"href":"https:\/\/partediario.com.ar\/index.php?rest_route=\/wp\/v2\/types\/post"}],"author":[{"embeddable":true,"href":"https:\/\/partediario.com.ar\/index.php?rest_route=\/wp\/v2\/users\/2"}],"replies":[{"embeddable":true,"href":"https:\/\/partediario.com.ar\/index.php?rest_route=%2Fwp%2Fv2%2Fcomments&post=8320"}],"version-history":[{"count":1,"href":"https:\/\/partediario.com.ar\/index.php?rest_route=\/wp\/v2\/posts\/8320\/revisions"}],"predecessor-version":[{"id":8322,"href":"https:\/\/partediario.com.ar\/index.php?rest_route=\/wp\/v2\/posts\/8320\/revisions\/8322"}],"wp:featuredmedia":[{"embeddable":true,"href":"https:\/\/partediario.com.ar\/index.php?rest_route=\/wp\/v2\/media\/8321"}],"wp:attachment":[{"href":"https:\/\/partediario.com.ar\/index.php?rest_route=%2Fwp%2Fv2%2Fmedia&parent=8320"}],"wp:term":[{"taxonomy":"category","embeddable":true,"href":"https:\/\/partediario.com.ar\/index.php?rest_route=%2Fwp%2Fv2%2Fcategories&post=8320"},{"taxonomy":"post_tag","embeddable":true,"href":"https:\/\/partediario.com.ar\/index.php?rest_route=%2Fwp%2Fv2%2Ftags&post=8320"}],"curies":[{"name":"wp","href":"https:\/\/api.w.org\/{rel}","templated":true}]}}