{"id":8398,"date":"2024-10-14T10:52:13","date_gmt":"2024-10-14T13:52:13","guid":{"rendered":"https:\/\/partediario.com.ar\/?p=8398"},"modified":"2024-10-14T10:52:14","modified_gmt":"2024-10-14T13:52:14","slug":"la-provincia-participo-de-la-inauguracion-del-torneo-de-softbol-femenino-hagamos-historia-en-parana","status":"publish","type":"post","link":"https:\/\/partediario.com.ar\/?p=8398","title":{"rendered":"La provincia particip\u00f3 de la inauguraci\u00f3n del torneo de softbol femenino \u00abHagamos Historia\u00bb en Paran\u00e1"},"content":{"rendered":"\n<h3 class=\"wp-block-heading\">El Gobierno Provincial estuvo presente en la ceremonia de inauguraci\u00f3n oficial del torneo de softbol femenino \u00abHagamos Historia\u00bb, que se desarrolla en la ciudad de Paran\u00e1 con la participaci\u00f3n de 13 equipos de distintos puntos del pa\u00eds.<\/h3>\n\n\n\n<p>El Estadio Mundialista Nafaldo Cargnel fue el epicentro de una emotiva jornada por el permanente recuerdo de Jacinto Cipriota, presidente de la Confederaci\u00f3n Argentina de S\u00f3ftbol, recientemente fallecimiento y cont\u00f3 con la presencia de la directora de Deporte Adaptado, Roxana Villagra; la coordinadora de Pr\u00e1ctica Deportiva Educativa, Yohana Fucks; y la coordinadora de Adultos Mayores, Silvina Wiliezko, quienes reafirmaron el compromiso de la provincia con el desarrollo del deporte femenino.<\/p>\n\n\n\n<p>Fucks dio la bienvenida a los representativos de otras provincias y expres\u00f3: \u00abPara la Secretar\u00eda de Deportes era muy importante poder hacerle un reconocimiento al Seleccionado Femenino, que tan bien nos ha representado y logr\u00f3 retener el t\u00edtulo sudamericano. Ellas son la cara visible de un proceso formativo y de la historia que atraviesa a tantas mujeres, que dejan muchas cosas de lado para poder llevar adelante nuestra actividad profesional y a la par impulsar tantos roles naturalizados que demandan tanto esfuerzo y dedicaci\u00f3n\u00bb.<\/p>\n\n\n\n<p>\u00abEl estar ac\u00e1, en representaci\u00f3n del secretario de Deportes, Sebasti\u00e1n Uranga, compartir esta noche y disfrutar con las familias, eso es el \u00e9xito; poder llevar adelante estos espacios para que todas tengamos oportunidades de desarrollo y crecimiento. Desde el Gobierno Provincial estamos comprometidos en seguir impulsando esto; particularmente con las funcionarias de la Secretar\u00eda quer\u00edamos hacer visible este logro y formar parte de esta celebraci\u00f3n viendo a tantas mujeres disfrutando, compitiendo sanamente y creciendo desde todos los puntos de vista\u00bb, agreg\u00f3 la coordinadora de Pr\u00e1ctica Deportiva Educativa.<\/p>\n\n\n\n<p>Durante el acto inaugural, la Secretar\u00eda de Deportes rindi\u00f3 un homenaje al Seleccionado Argentino Femenino de S\u00f3ftbol, campe\u00f3n del XVI Campeonato Sudamericano de Lima 2024. Las jugadoras y su cuerpo t\u00e9cnico recibieron una plaqueta en reconocimiento a su destacada actuaci\u00f3n, un s\u00edmbolo de orgullo para todo el pa\u00eds. Acompa\u00f1aron tambi\u00e9n, Javier Mart\u00ednez, secretario de la Confederaci\u00f3n Argentina de S\u00f3ftbol; Fabi\u00e1n Medina, presidente de la Asociaci\u00f3n Paranaense de Softbol; entre otros.<\/p>\n\n\n\n<p>La competencia, que se desarrolla en varios diamantes de Paran\u00e1 (Estadio Cargnel, El Plumazo, Patronato y CEPF N\u00ba 5), re\u00fane equipos provenientes de Paran\u00e1, Buenos Aires, La Pampa, San Juan, Santiago del Estero y Mendoza, un reflejo de la fortaleza y el crecimiento permanente del s\u00f3ftbol femenino en Argentina. El certamen \u00abHagamos Historia\u00bb tambi\u00e9n lleva consigo un sentido homenaje en su denominaci\u00f3n a Norma \u00abMomi\u00bb Herrera, hist\u00f3rica jugadora de la Selecci\u00f3n Argentina Mayor y campeona sudamericana en 1985. Figura clave en el s\u00f3ftbol nacional, es recordada como una de las pioneras que abri\u00f3 camino para las nuevas generaciones.<\/p>\n","protected":false},"excerpt":{"rendered":"<p>El Gobierno Provincial estuvo presente en la ceremonia de inauguraci&oacute;n oficial del torneo de softbol femenino &laquo;Hagamos Historia&raquo;, que se desarrolla en la ciudad de Paran&aacute; con la participaci&oacute;n de 13 equipos de distintos puntos del pa&iacute;s. El Estadio Mundialista Nafaldo Cargnel fue el epicentro de una emotiva jornada por el permanente recuerdo de Jacinto [&hellip;]<\/p>\n","protected":false},"author":2,"featured_media":8399,"comment_status":"open","ping_status":"open","sticky":false,"template":"","format":"standard","meta":{"footnotes":""},"categories":[8],"tags":[257,3782,3783,265,3781,822],"class_list":["post-8398","post","type-post","status-publish","format-standard","has-post-thumbnail","hentry","category-provinciales","tag-entre-rios","tag-femenino","tag-hagamos-historia","tag-parana","tag-softbol","tag-torneo"],"_links":{"self":[{"href":"https:\/\/partediario.com.ar\/index.php?rest_route=\/wp\/v2\/posts\/8398","targetHints":{"allow":["GET"]}}],"collection":[{"href":"https:\/\/partediario.com.ar\/index.php?rest_route=\/wp\/v2\/posts"}],"about":[{"href":"https:\/\/partediario.com.ar\/index.php?rest_route=\/wp\/v2\/types\/post"}],"author":[{"embeddable":true,"href":"https:\/\/partediario.com.ar\/index.php?rest_route=\/wp\/v2\/users\/2"}],"replies":[{"embeddable":true,"href":"https:\/\/partediario.com.ar\/index.php?rest_route=%2Fwp%2Fv2%2Fcomments&post=8398"}],"version-history":[{"count":1,"href":"https:\/\/partediario.com.ar\/index.php?rest_route=\/wp\/v2\/posts\/8398\/revisions"}],"predecessor-version":[{"id":8400,"href":"https:\/\/partediario.com.ar\/index.php?rest_route=\/wp\/v2\/posts\/8398\/revisions\/8400"}],"wp:featuredmedia":[{"embeddable":true,"href":"https:\/\/partediario.com.ar\/index.php?rest_route=\/wp\/v2\/media\/8399"}],"wp:attachment":[{"href":"https:\/\/partediario.com.ar\/index.php?rest_route=%2Fwp%2Fv2%2Fmedia&parent=8398"}],"wp:term":[{"taxonomy":"category","embeddable":true,"href":"https:\/\/partediario.com.ar\/index.php?rest_route=%2Fwp%2Fv2%2Fcategories&post=8398"},{"taxonomy":"post_tag","embeddable":true,"href":"https:\/\/partediario.com.ar\/index.php?rest_route=%2Fwp%2Fv2%2Ftags&post=8398"}],"curies":[{"name":"wp","href":"https:\/\/api.w.org\/{rel}","templated":true}]}}