{"id":8408,"date":"2024-10-14T11:21:49","date_gmt":"2024-10-14T14:21:49","guid":{"rendered":"https:\/\/partediario.com.ar\/?p=8408"},"modified":"2024-10-15T11:40:07","modified_gmt":"2024-10-15T14:40:07","slug":"murio-a-los-93-anos-el-historico-dirigente-peronista-lorenzo-pepe","status":"publish","type":"post","link":"https:\/\/partediario.com.ar\/?p=8408","title":{"rendered":"Muri\u00f3 a los 93 a\u00f1os el hist\u00f3rico dirigente peronista Lorenzo Pepe"},"content":{"rendered":"\n<h3 class=\"wp-block-heading\">El hist\u00f3rico dirigente peronista y sindicalista Lorenzo Pepe falleci\u00f3 a los 93 a\u00f1os. Ocup\u00f3 de 1983 a 2003 cinco mandatos consecutivos, el cargo de diputado nacional por la provincia de Buenos Aires.<\/h3>\n\n\n\n<p>Como legislador nacional integr\u00f3 las Comisiones Permanentes de Familia, Mujer y Minoridad, Legislaci\u00f3n del Trabajo, Transporte, Defensa y la Comisi\u00f3n Bicameral de la Biblioteca del Congreso de la Naci\u00f3n.<\/p>\n\n\n\n<p>En 1996 tambi\u00e9n fue delegado parlamentario ante la Organizaci\u00f3n Internacional del Trabajo (OIT), en Ginebra, Suiza y en 2003 fue designado miembro de la Comisi\u00f3n Permanente Nacional de Homenaje a Juan Domingo Per\u00f3n y secretario general del Instituto Nacional Juan Domingo Per\u00f3n de Estudios e Investigaciones Hist\u00f3ricas, Sociales y Pol\u00edticas.<\/p>\n\n\n\n<p>Nacido en S\u00e1enz Pe\u00f1a, el 22 de agosto de 1931 ocup\u00f3, durante cinco mandatos consecutivos, el cargo de diputado nacional por la provincia de Buenos Aires, y fue recordado hoy por referentes del espacio a trav\u00e9s de sus redes sociales.<\/p>\n\n\n\n<p>La diputada Victoria Tolosa Paz poste\u00f3 en su cuenta de X: \u201cCon profunda tristeza despedimos a Lorenzo Pepe, un pr\u00f3cer del peronismo. Un fuerte abrazo a la familia y a sus seres queridos. Siempre te vamos a recordar por tu trayectoria y tu gran compromiso militante. Descans\u00e1 en paz, compa\u00f1ero\u201d.<\/p>\n\n\n\n<p><\/p>\n\n\n\n<blockquote class=\"twitter-tweet\"><p lang=\"es\" dir=\"ltr\">El peronismo llora la partida de uno de sus grandes compa\u00f1eros, Lorenzo Pepe. <br><br>Te vamos a extra\u00f1ar. \u270c\ud83c\udffb\ud83d\udc94 <a href=\"https:\/\/t.co\/xJ980xEk0D\">pic.twitter.com\/xJ980xEk0D<\/a><\/p>&mdash; Juliana di Tullio (@ditulliojuli) <a href=\"https:\/\/twitter.com\/ditulliojuli\/status\/1845815975393800398?ref_src=twsrc%5Etfw\">October 14, 2024<\/a><\/blockquote> <script async src=\"https:\/\/platform.twitter.com\/widgets.js\" charset=\"utf-8\"><\/script>\n\n\n\n<p><\/p>\n\n\n\n<p>Por su parte la senadora Juliana Di Tullio, expres\u00f3 que \u201cel peronismo llora la partida de uno de sus grandes compa\u00f1eros, Lorenzo Pepe. Te vamos a extra\u00f1ar\u201d.<\/p>\n\n\n\n<p>El director en Direcci\u00f3n General de Cultura y Educaci\u00f3n bonaerense, Alberto Sileoni, tambi\u00e9n se manifest\u00f3 en su cuenta de X: \u201cUn saludo para toda la familia del querido compa\u00f1ero Lorenzo Pepe, lamentamos su p\u00e9rdida y siempre lo recordaremos por su extraordinaria trayectoria y su enorme compromiso militante\u201d.<\/p>\n\n\n\n<p><\/p>\n\n\n\n<blockquote class=\"twitter-tweet\"><p lang=\"es\" dir=\"ltr\">Con profundo dolor despedimos al compa\u00f1ero Lorenzo Pepe, pr\u00f3cer del peronismo, maestro de militancia.<\/p>&mdash; Andr\u00e9s Larroque (@larroqueandres) <a href=\"https:\/\/twitter.com\/larroqueandres\/status\/1845794754006585581?ref_src=twsrc%5Etfw\">October 14, 2024<\/a><\/blockquote> <script async src=\"https:\/\/platform.twitter.com\/widgets.js\" charset=\"utf-8\"><\/script>\n\n\n\n<p><\/p>\n\n\n\n<p>El ministro de Desarrollo de la Comunidad de la provincia de Buenos Aires, Andr\u00e9s \u201cCuervo\u201d Larroque, se despidi\u00f3 del referente: \u201cCon profundo dolor despedimos al compa\u00f1ero Lorenzo Pepe, pr\u00f3cer del peronismo, maestro de militancia\u201d.<\/p>\n\n\n\n<p>Por su parte, el secretario general del gremio de judiciales, Julio Piumato, se\u00f1al\u00f3: \u201cCon profundo dolor tomo conocimiento del fallecimiento del querido compa\u00f1ero Lorenzo Pepe. Una historia viviente de la Uni\u00f3n Ferroviaria, el Movimiento Obrero Organizado y el peronismo. Desde la UEJN acompa\u00f1amos a sus familiares y a sus seres queridos y elevamos una oraci\u00f3n a su eterno descanso \u00a1Viva Per\u00f3n!\u201d.<\/p>\n","protected":false},"excerpt":{"rendered":"<p>El hist&oacute;rico dirigente peronista y sindicalista Lorenzo Pepe falleci&oacute; a los 93 a&ntilde;os. Ocup&oacute; de 1983 a 2003 cinco mandatos consecutivos, el cargo de diputado nacional por la provincia de Buenos Aires. Como legislador nacional integr&oacute; las Comisiones Permanentes de Familia, Mujer y Minoridad, Legislaci&oacute;n del Trabajo, Transporte, Defensa y la Comisi&oacute;n Bicameral de la [&hellip;]<\/p>\n","protected":false},"author":2,"featured_media":8409,"comment_status":"open","ping_status":"open","sticky":false,"template":"","format":"standard","meta":{"footnotes":""},"categories":[5,176],"tags":[3785,561],"class_list":["post-8408","post","type-post","status-publish","format-standard","has-post-thumbnail","hentry","category-nacionales","category-politica","tag-lorenzo-pepe","tag-murio"],"_links":{"self":[{"href":"https:\/\/partediario.com.ar\/index.php?rest_route=\/wp\/v2\/posts\/8408","targetHints":{"allow":["GET"]}}],"collection":[{"href":"https:\/\/partediario.com.ar\/index.php?rest_route=\/wp\/v2\/posts"}],"about":[{"href":"https:\/\/partediario.com.ar\/index.php?rest_route=\/wp\/v2\/types\/post"}],"author":[{"embeddable":true,"href":"https:\/\/partediario.com.ar\/index.php?rest_route=\/wp\/v2\/users\/2"}],"replies":[{"embeddable":true,"href":"https:\/\/partediario.com.ar\/index.php?rest_route=%2Fwp%2Fv2%2Fcomments&post=8408"}],"version-history":[{"count":1,"href":"https:\/\/partediario.com.ar\/index.php?rest_route=\/wp\/v2\/posts\/8408\/revisions"}],"predecessor-version":[{"id":8410,"href":"https:\/\/partediario.com.ar\/index.php?rest_route=\/wp\/v2\/posts\/8408\/revisions\/8410"}],"wp:featuredmedia":[{"embeddable":true,"href":"https:\/\/partediario.com.ar\/index.php?rest_route=\/wp\/v2\/media\/8409"}],"wp:attachment":[{"href":"https:\/\/partediario.com.ar\/index.php?rest_route=%2Fwp%2Fv2%2Fmedia&parent=8408"}],"wp:term":[{"taxonomy":"category","embeddable":true,"href":"https:\/\/partediario.com.ar\/index.php?rest_route=%2Fwp%2Fv2%2Fcategories&post=8408"},{"taxonomy":"post_tag","embeddable":true,"href":"https:\/\/partediario.com.ar\/index.php?rest_route=%2Fwp%2Fv2%2Ftags&post=8408"}],"curies":[{"name":"wp","href":"https:\/\/api.w.org\/{rel}","templated":true}]}}