{"id":8486,"date":"2024-10-15T11:03:59","date_gmt":"2024-10-15T14:03:59","guid":{"rendered":"https:\/\/partediario.com.ar\/?p=8486"},"modified":"2024-10-16T12:20:53","modified_gmt":"2024-10-16T15:20:53","slug":"activistas-libertarios-atacaron-a-estudiantes-con-gas-pimienta-en-la-universidad-de-quilmes","status":"publish","type":"post","link":"https:\/\/partediario.com.ar\/?p=8486","title":{"rendered":"Activistas libertarios atacaron a estudiantes con gas pimienta en la Universidad de Quilmes"},"content":{"rendered":"\n<p class=\"has-medium-font-size\"><strong>Estudiantes y docentes de la UNQ denunciaron que un grupo de personas infiltradas tiraron gas pimienta en medio de una asamblea.<\/strong><\/p>\n\n\n\n<p>En el marco del repudio que realizan las universidades -en muchos casos con tomas- al veto del Gobierno a la ley de Financiamiento Universitario, estudiantes y docentes de la Universidad Nacional de Quilmes (UNQ), denunciaron que mientras se realizaba una asamblea universitaria \u00abirrumpieron personas ajenas al establecimiento en actitud intimidante\u00bb y tiraron gas pimienta.<\/p>\n\n\n\n<p><\/p>\n\n\n\n<blockquote class=\"twitter-tweet\" data-media-max-width=\"560\"><p lang=\"es\" dir=\"ltr\">El momento en que el militante libertario saca el gas pimienta y tira a los rostros de los estudiantes de la Universidad de Quilmes. No hab\u00eda golpes de pu\u00f1os ni patadas, solo los estaban empujando porque la estaban pudriendo.<br>Fue mandado para hacer eso. Est\u00e1 claro. <a href=\"https:\/\/t.co\/kuHHwhTe34\">pic.twitter.com\/kuHHwhTe34<\/a><\/p>&mdash; Editor\u270d (@Editor_76) <a href=\"https:\/\/twitter.com\/Editor_76\/status\/1846129588549640358?ref_src=twsrc%5Etfw\">October 15, 2024<\/a><\/blockquote> <script async src=\"https:\/\/platform.twitter.com\/widgets.js\" charset=\"utf-8\"><\/script>\n\n\n\n<p><\/p>\n\n\n\n<p>Seg\u00fan se registr\u00f3 en videos y fotos publicadas en redes sociales, este grupo de personas estar\u00edan vinculadas a una organizaci\u00f3n libertaria y adem\u00e1s no forman parte de la comunidad educativa.<\/p>\n\n\n\n<p><\/p>\n\n\n\n<figure class=\"wp-block-image size-full\"><img loading=\"lazy\" decoding=\"async\" width=\"668\" height=\"720\" src=\"https:\/\/partediario.com.ar\/wp-content\/uploads\/720-8.webp\" alt=\"\" class=\"wp-image-8488\" srcset=\"https:\/\/partediario.com.ar\/wp-content\/uploads\/720-8.webp 668w, https:\/\/partediario.com.ar\/wp-content\/uploads\/720-8-278x300.webp 278w\" sizes=\"auto, (max-width: 668px) 100vw, 668px\" \/><\/figure>\n\n\n\n<p><\/p>\n\n\n\n<p>En un video se puede ver con claridad la cara de una de las personas que comenz\u00f3 a tirar el gas pimienta.<\/p>\n\n\n\n<p>El recinto tuvo que ser evacuado y se suspendi\u00f3 moment\u00e1neamente la asamblea de la que participaban m\u00e1s de 500 estudiantes y docentes.<\/p>\n\n\n\n<p><\/p>\n\n\n\n<blockquote class=\"twitter-tweet\"><p lang=\"es\" dir=\"ltr\">Estos son los mu\u00f1ecos libertarios que se apersonaron en la Universidad de Quilmes a tirar gas pimienta en una asamblea que se estaba desarrollando de manera totalmente pacifica. Conozcan bien sus caras. <a href=\"https:\/\/t.co\/jLhVgZQOmL\">pic.twitter.com\/jLhVgZQOmL<\/a><\/p>&mdash; Aye\ud83e\udea9 (3am edition) (@_venusandmars) <a href=\"https:\/\/twitter.com\/_venusandmars\/status\/1845963722293915952?ref_src=twsrc%5Etfw\">October 14, 2024<\/a><\/blockquote> <script async src=\"https:\/\/platform.twitter.com\/widgets.js\" charset=\"utf-8\"><\/script>\n\n\n\n<p><\/p>\n\n\n\n<p>En las redes sociales trascendi\u00f3 una foto del que ser\u00eda el grupo de libertarios que estaba en contra de la toma que se lleva adelante en la UNQ.<\/p>\n","protected":false},"excerpt":{"rendered":"<p>Estudiantes y docentes de la UNQ denunciaron que un grupo de personas infiltradas tiraron gas pimienta en medio de una asamblea. En el marco del repudio que realizan las universidades -en muchos casos con tomas- al veto del Gobierno a la ley de Financiamiento Universitario, estudiantes y docentes de la Universidad Nacional de Quilmes (UNQ), [&hellip;]<\/p>\n","protected":false},"author":2,"featured_media":8487,"comment_status":"open","ping_status":"open","sticky":false,"template":"","format":"standard","meta":{"footnotes":""},"categories":[5,176],"tags":[],"class_list":["post-8486","post","type-post","status-publish","format-standard","has-post-thumbnail","hentry","category-nacionales","category-politica"],"_links":{"self":[{"href":"https:\/\/partediario.com.ar\/index.php?rest_route=\/wp\/v2\/posts\/8486","targetHints":{"allow":["GET"]}}],"collection":[{"href":"https:\/\/partediario.com.ar\/index.php?rest_route=\/wp\/v2\/posts"}],"about":[{"href":"https:\/\/partediario.com.ar\/index.php?rest_route=\/wp\/v2\/types\/post"}],"author":[{"embeddable":true,"href":"https:\/\/partediario.com.ar\/index.php?rest_route=\/wp\/v2\/users\/2"}],"replies":[{"embeddable":true,"href":"https:\/\/partediario.com.ar\/index.php?rest_route=%2Fwp%2Fv2%2Fcomments&post=8486"}],"version-history":[{"count":1,"href":"https:\/\/partediario.com.ar\/index.php?rest_route=\/wp\/v2\/posts\/8486\/revisions"}],"predecessor-version":[{"id":8489,"href":"https:\/\/partediario.com.ar\/index.php?rest_route=\/wp\/v2\/posts\/8486\/revisions\/8489"}],"wp:featuredmedia":[{"embeddable":true,"href":"https:\/\/partediario.com.ar\/index.php?rest_route=\/wp\/v2\/media\/8487"}],"wp:attachment":[{"href":"https:\/\/partediario.com.ar\/index.php?rest_route=%2Fwp%2Fv2%2Fmedia&parent=8486"}],"wp:term":[{"taxonomy":"category","embeddable":true,"href":"https:\/\/partediario.com.ar\/index.php?rest_route=%2Fwp%2Fv2%2Fcategories&post=8486"},{"taxonomy":"post_tag","embeddable":true,"href":"https:\/\/partediario.com.ar\/index.php?rest_route=%2Fwp%2Fv2%2Ftags&post=8486"}],"curies":[{"name":"wp","href":"https:\/\/api.w.org\/{rel}","templated":true}]}}