{"id":8500,"date":"2024-10-15T11:26:35","date_gmt":"2024-10-15T14:26:35","guid":{"rendered":"https:\/\/partediario.com.ar\/?p=8500"},"modified":"2024-10-16T12:20:37","modified_gmt":"2024-10-16T15:20:37","slug":"revelan-detalles-sobre-quien-reemplazara-a-jorge-lanata-en-el-ciclo-lanata-sin-filtro","status":"publish","type":"post","link":"https:\/\/partediario.com.ar\/?p=8500","title":{"rendered":"Revelan detalles sobre quien reemplazar\u00e1 a Jorge Lanata en el ciclo \u00abLanata sin filtro\u00bb"},"content":{"rendered":"\n<h3 class=\"wp-block-heading\">Jorge Lanata sigue internado a la espera de una nueva intervenci\u00f3n que se llevar\u00eda adelante el pr\u00f3ximo mi\u00e9rcoles. Una vez realizada, se espera una larga rehabilitaci\u00f3n que lo mantendr\u00eda alejado de sus actividades televisivas.<\/h3>\n\n\n\n<p>Por esta situaci\u00f3n, escalan los rumores sobre qui\u00e9n ocupar\u00e1 su lugar en la conducci\u00f3n de \u201cLanata sin filtro\u201d, su ciclo en Radio Mitre. Tartu, quien se encarga de la secci\u00f3n en espect\u00e1culos en el ciclo, brind\u00f3 detalles sobre el tema.<\/p>\n\n\n\n<p>\u201cHay un ambiente de preocupaci\u00f3n, pero el equipo es optimista porque Jorge ha pasado por muchas, tenemos fe de que va a pasar esta y cuando pinte est\u00e9 nuevamente al frente del programa&#8217;\u201d, expres\u00f3 sobre el periodista de PPT.<\/p>\n\n\n\n<p>Sobre quien estar\u00e1 frente a la conducci\u00f3n, Tartu se\u00f1al\u00f3: \u00abLas autoridades de la radio le confirmaron a J\u00e9sica Bossi que sigue hasta fin de a\u00f1o. Ese es un primer plazo\u00bb.<\/p>\n\n\n\n<p>\u00abEl segundo es el verano, donde algunos se toman vacaciones. Por ah\u00ed la empresa dice &#8216;en marzo tenemos que pensar'\u00bb, a\u00f1adi\u00f3, aclarando que por ahora no est\u00e1n en busca de reemplazo.<\/p>\n","protected":false},"excerpt":{"rendered":"<p>Jorge Lanata sigue internado a la espera de una nueva intervenci&oacute;n que se llevar&iacute;a adelante el pr&oacute;ximo mi&eacute;rcoles. Una vez realizada, se espera una larga rehabilitaci&oacute;n que lo mantendr&iacute;a alejado de sus actividades televisivas. Por esta situaci&oacute;n, escalan los rumores sobre qui&eacute;n ocupar&aacute; su lugar en la conducci&oacute;n de &ldquo;Lanata sin filtro&rdquo;, su ciclo en [&hellip;]<\/p>\n","protected":false},"author":2,"featured_media":8501,"comment_status":"open","ping_status":"open","sticky":false,"template":"","format":"standard","meta":{"footnotes":""},"categories":[726],"tags":[541,3827,3826],"class_list":["post-8500","post","type-post","status-publish","format-standard","has-post-thumbnail","hentry","category-sociedad","tag-jorge-lanata","tag-lanata-sin-filtro","tag-reemplazo"],"_links":{"self":[{"href":"https:\/\/partediario.com.ar\/index.php?rest_route=\/wp\/v2\/posts\/8500","targetHints":{"allow":["GET"]}}],"collection":[{"href":"https:\/\/partediario.com.ar\/index.php?rest_route=\/wp\/v2\/posts"}],"about":[{"href":"https:\/\/partediario.com.ar\/index.php?rest_route=\/wp\/v2\/types\/post"}],"author":[{"embeddable":true,"href":"https:\/\/partediario.com.ar\/index.php?rest_route=\/wp\/v2\/users\/2"}],"replies":[{"embeddable":true,"href":"https:\/\/partediario.com.ar\/index.php?rest_route=%2Fwp%2Fv2%2Fcomments&post=8500"}],"version-history":[{"count":1,"href":"https:\/\/partediario.com.ar\/index.php?rest_route=\/wp\/v2\/posts\/8500\/revisions"}],"predecessor-version":[{"id":8502,"href":"https:\/\/partediario.com.ar\/index.php?rest_route=\/wp\/v2\/posts\/8500\/revisions\/8502"}],"wp:featuredmedia":[{"embeddable":true,"href":"https:\/\/partediario.com.ar\/index.php?rest_route=\/wp\/v2\/media\/8501"}],"wp:attachment":[{"href":"https:\/\/partediario.com.ar\/index.php?rest_route=%2Fwp%2Fv2%2Fmedia&parent=8500"}],"wp:term":[{"taxonomy":"category","embeddable":true,"href":"https:\/\/partediario.com.ar\/index.php?rest_route=%2Fwp%2Fv2%2Fcategories&post=8500"},{"taxonomy":"post_tag","embeddable":true,"href":"https:\/\/partediario.com.ar\/index.php?rest_route=%2Fwp%2Fv2%2Ftags&post=8500"}],"curies":[{"name":"wp","href":"https:\/\/api.w.org\/{rel}","templated":true}]}}