{"id":8520,"date":"2024-10-16T11:02:45","date_gmt":"2024-10-16T14:02:45","guid":{"rendered":"https:\/\/partediario.com.ar\/?p=8520"},"modified":"2024-10-17T11:59:38","modified_gmt":"2024-10-17T14:59:38","slug":"se-analiza-mudar-la-capital-federal-y-presentan-a-parana-como-una-probable-alternativa","status":"publish","type":"post","link":"https:\/\/partediario.com.ar\/?p=8520","title":{"rendered":"Se analiza mudar la Capital Federal y presentan a Paran\u00e1 como una probable alternativa"},"content":{"rendered":"\n<h3 class=\"wp-block-heading\">Presentaron dos proyectos de ley para mudar la Capital Federal: una senadora sugiri\u00f3 retomar la propuesta de Ra\u00fal Alfons\u00edn de mudar la sede de gobierno a Viedma y Guardia Mitre. Y Edgardo Kueider propuso que se traslade a Paran\u00e1.<\/h3>\n\n\n\n<p>El gobernador de Chubut, Ignacio Torres, plante\u00f3 retomar el proyecto de ley impulsado por el expresidente Ra\u00fal Alfons\u00edn de mudar la Capital Federal hacia la Patagonia argentina. El funcionario confirm\u00f3 que la provincia present\u00f3 la idea en el Congreso, mientras que Entre R\u00edos tambi\u00e9n surgi\u00f3 como una alternativa probable.<\/p>\n\n\n\n<p>La C\u00e1mara de Senadores recibi\u00f3 dos proyectos de ley cuyas intenciones sugieren el trasladado de la Capital Federal hacia las provincias. Ambas propuestas fueron presentadas por el interbloque Las Provincias Unidas -creado dos semanas atr\u00e1s- con el fin de promover un \u201cfederalismo m\u00e1s efectivo\u201d.<\/p>\n\n\n\n<p>Por un lado, la senadora Edith Terenzi, de la Uni\u00f3n C\u00edvica Radical (UCR), firm\u00f3 un documento que argumenta a favor del distrito conformado por Viedma y Guardia Mitre, R\u00edo Negro, y Carmen de Patagones, Buenos Aires, como centro administrativo, y por el otro, su par Edgardo Kueider, de Unidad Federal, plante\u00f3 a Paran\u00e1, Entre R\u00edos, como otra opci\u00f3n.<\/p>\n\n\n\n<p><strong>Se analizan ambas propuestas<\/strong><\/p>\n\n\n\n<p>Por medio de un comunicado, el Senado inform\u00f3 que eval\u00faa ambas propuestas, las cuales solicitan el objetivo de \u201cdescentralizar el poder y promover un desarrollo m\u00e1s equilibrado en el pa\u00eds\u201d.<\/p>\n\n\n\n<p>La C\u00e1mara alta avanza en el debate de ambos proyectos, que se sostienen en los ejemplos de otras naciones, como Brasil, y buscan modificar el mapa institucional de la Argentina.<\/p>\n\n\n\n<p>El interbloque Las Provincias Unidas est\u00e1 compuesto por los senadores Carlos \u201cCamau\u201d Esp\u00ednola, Edgardo Kueider y Alejandra Vigo de Unidad Federal; Juan Carlos Romero de Cambio Federal; Edith Terenzi de Despierta Chubut; y Lucila Crexell del Movimiento Neuquino.<\/p>\n\n\n\n<p><\/p>\n\n\n\n<figure class=\"wp-block-image size-full\"><img loading=\"lazy\" decoding=\"async\" width=\"642\" height=\"361\" src=\"https:\/\/partediario.com.ar\/wp-content\/uploads\/kueiderjpg-3.webp\" alt=\"\" class=\"wp-image-8522\" srcset=\"https:\/\/partediario.com.ar\/wp-content\/uploads\/kueiderjpg-3.webp 642w, https:\/\/partediario.com.ar\/wp-content\/uploads\/kueiderjpg-3-300x169.webp 300w\" sizes=\"auto, (max-width: 642px) 100vw, 642px\" \/><figcaption class=\"wp-element-caption\"><strong>Senador Edgardo Kueider<\/strong><\/figcaption><\/figure>\n\n\n\n<p><\/p>\n\n\n\n<p>Kueider fundament\u00f3 su proyecto se\u00f1alando que: \u201cEsta iniciativa busca promover el federalismo y desconcentrar la influencia pol\u00edtica y econ\u00f3mica de Buenos Aires\u201d.<\/p>\n\n\n\n<p>\u201cEl traslado de la capital a Paran\u00e1 no s\u00f3lo implicar\u00eda un cambio de sede, sino tambi\u00e9n de paradigma\u201d, indic\u00f3 y a\u00f1adi\u00f3: \u201cSer\u00eda una se\u00f1al clara del compromiso con el federalismo y la b\u00fasqueda de un pa\u00eds donde todas las regiones tengan las mismas oportunidades de crecimiento y progreso\u201d.<\/p>\n\n\n\n<p><strong>La Propuesta entrerriana<\/strong><\/p>\n\n\n\n<p>En cuanto a la propuesta de Paran\u00e1 como una opci\u00f3n, el traspaso de la sede de gobierno implicar\u00eda un proceso dividido en etapas y comenzar\u00eda por la Presidencia de la Naci\u00f3n y los principales organismos p\u00fablicos.<\/p>\n\n\n\n<p>\u201cTardar\u00eda un plazo de tres a\u00f1os desde la promulgaci\u00f3n de la ley y, durante ese lapso, coexistir\u00edan las jurisdicciones federal y local en Paran\u00e1, manteni\u00e9ndose las competencias provinciales en los temas no relacionados con el cambio de sede\u201d, indicaron.<\/p>\n\n\n\n<p><strong>La propuesta de la Patagonia<\/strong><\/p>\n\n\n\n<p>Terenzi, aliada de Torres, sugiri\u00f3 que se retome la Ley 23.512 de 1987, la cual establec\u00eda el cambio a Carmen de Patagones, Viedma y Guardia Mitre.<\/p>\n\n\n\n<p>\u201cQueremos descongestionar el \u00c1rea Metropolitana de Buenos Aires (AMBA) y generar una nueva din\u00e1mica de desarrollo en el sur del pa\u00eds, una regi\u00f3n hist\u00f3ricamente relegada\u201d, se\u00f1al\u00f3.<\/p>\n\n\n\n<p>\u201cEl gobierno promueve la modernizaci\u00f3n, la descentralizaci\u00f3n administrativa y la planificaci\u00f3n del desarrollo, contemplando las caracter\u00edsticas culturales, hist\u00f3ricas y socioecon\u00f3micas de las diferentes regiones internas, fortaleciendo el protagonismo de los municipios\u201d, asegura en el proyecto y especific\u00f3: \u201cEsta ley dar\u00e1 amplio impulso a este objetivo com\u00fan\u201d.<\/p>\n","protected":false},"excerpt":{"rendered":"<p>Presentaron dos proyectos de ley para mudar la Capital Federal: una senadora sugiri&oacute; retomar la propuesta de Ra&uacute;l Alfons&iacute;n de mudar la sede de gobierno a Viedma y Guardia Mitre. Y Edgardo Kueider propuso que se traslade a Paran&aacute;. El gobernador de Chubut, Ignacio Torres, plante&oacute; retomar el proyecto de ley impulsado por el expresidente [&hellip;]<\/p>\n","protected":false},"author":2,"featured_media":8521,"comment_status":"open","ping_status":"open","sticky":false,"template":"","format":"standard","meta":{"footnotes":""},"categories":[5,176],"tags":[280,3841,3840,265,3839],"class_list":["post-8520","post","type-post","status-publish","format-standard","has-post-thumbnail","hentry","category-nacionales","category-politica","tag-edgardo-kueider","tag-edith-terenzi","tag-guardia-mitre","tag-parana","tag-viedma"],"_links":{"self":[{"href":"https:\/\/partediario.com.ar\/index.php?rest_route=\/wp\/v2\/posts\/8520","targetHints":{"allow":["GET"]}}],"collection":[{"href":"https:\/\/partediario.com.ar\/index.php?rest_route=\/wp\/v2\/posts"}],"about":[{"href":"https:\/\/partediario.com.ar\/index.php?rest_route=\/wp\/v2\/types\/post"}],"author":[{"embeddable":true,"href":"https:\/\/partediario.com.ar\/index.php?rest_route=\/wp\/v2\/users\/2"}],"replies":[{"embeddable":true,"href":"https:\/\/partediario.com.ar\/index.php?rest_route=%2Fwp%2Fv2%2Fcomments&post=8520"}],"version-history":[{"count":1,"href":"https:\/\/partediario.com.ar\/index.php?rest_route=\/wp\/v2\/posts\/8520\/revisions"}],"predecessor-version":[{"id":8523,"href":"https:\/\/partediario.com.ar\/index.php?rest_route=\/wp\/v2\/posts\/8520\/revisions\/8523"}],"wp:featuredmedia":[{"embeddable":true,"href":"https:\/\/partediario.com.ar\/index.php?rest_route=\/wp\/v2\/media\/8521"}],"wp:attachment":[{"href":"https:\/\/partediario.com.ar\/index.php?rest_route=%2Fwp%2Fv2%2Fmedia&parent=8520"}],"wp:term":[{"taxonomy":"category","embeddable":true,"href":"https:\/\/partediario.com.ar\/index.php?rest_route=%2Fwp%2Fv2%2Fcategories&post=8520"},{"taxonomy":"post_tag","embeddable":true,"href":"https:\/\/partediario.com.ar\/index.php?rest_route=%2Fwp%2Fv2%2Ftags&post=8520"}],"curies":[{"name":"wp","href":"https:\/\/api.w.org\/{rel}","templated":true}]}}