{"id":8564,"date":"2024-10-17T11:28:47","date_gmt":"2024-10-17T14:28:47","guid":{"rendered":"https:\/\/partediario.com.ar\/?p=8564"},"modified":"2024-10-19T09:25:17","modified_gmt":"2024-10-19T12:25:17","slug":"cristina-kirchner-critico-duramente-a-caputo-y-arremetio-contra-gobernadores-peronistas-que-acompanan-al-gobierno-libertario","status":"publish","type":"post","link":"https:\/\/partediario.com.ar\/?p=8564","title":{"rendered":"Cristina Kirchner critic\u00f3 duramente a Caputo y arremeti\u00f3 contra gobernadores peronistas que acompa\u00f1an al Gobierno libertario"},"content":{"rendered":"\n<h3 class=\"wp-block-heading\">En el marco de D\u00eda de la Lealtad, la ex vicepresidenta cuestion\u00f3 duramente a los gobernadores con sinton\u00eda libertaria. \u00ab\u00bfSe entiende qu\u00e9 quiero decir cuando sostengo que hay que enderezar y ordenar el peronismo?\u00bb, destac\u00f3.<\/h3>\n\n\n\n<p>La ex vicepresidenta Cristina Kirchner public\u00f3 un posteo espec\u00edfico por el D\u00eda de la Lealtad que aprovech\u00f3 para criticar al ministro de Econom\u00eda, Luis Caputo, despu\u00e9s que este hablara en su contra, y adem\u00e1s apuntar contra gobernadores del espacio que respaldan a Javier Milei.<\/p>\n\n\n\n<p>\u00ab\u2018Esta Mujer\u2019 en el D\u00eda de la Lealtad\u00bb, se titula el mensaje que escribi\u00f3 desde su cuenta de X, haciendo referencia a la forma en la que el titular del Palacio de Hacienda la denomin\u00f3 durante su discurso en el Coloquio IDEA.<\/p>\n\n\n\n<p><\/p>\n\n\n\n<blockquote class=\"twitter-tweet\" data-media-max-width=\"560\"><p lang=\"es\" dir=\"ltr\">\u201cEsta Mujer\u201d en el D\u00eda de la Lealtad.<br><br>En el D\u00eda de la Lealtad, buenos d\u00edas a todos y a todas.<br><br>Les presento a Toto Caputo que, adem\u00e1s de endeudador serial y hambreador social, parece ser mi nuevo jefe de campa\u00f1a. Debo admitir que mejor no se consigue.<br><br>Mir\u00e1 y escuch\u00e1 lo que dijo\u2026 <a href=\"https:\/\/t.co\/R83xai3nll\">pic.twitter.com\/R83xai3nll<\/a><\/p>&mdash; Cristina Kirchner (@CFKArgentina) <a href=\"https:\/\/twitter.com\/CFKArgentina\/status\/1846902074727899284?ref_src=twsrc%5Etfw\">October 17, 2024<\/a><\/blockquote> <script async src=\"https:\/\/platform.twitter.com\/widgets.js\" charset=\"utf-8\"><\/script>\n\n\n\n<p><\/p>\n\n\n\n<p>La exvicepresidenta ampli\u00f3: \u201cEn el D\u00eda de la Lealtad, buenos d\u00edas a todos y a todas. Les presento a Toto Caputo que, adem\u00e1s de endeudador serial y hambreador social, parece ser mi nuevo jefe de campa\u00f1a\u201d.<\/p>\n\n\n\n<p>\u201cDebo admitir que mejor no se consigue. Mir\u00e1 y escuch\u00e1 lo que dijo ayer en el Coloquio de Idea: \u2018Esta Mujer\u2019, obviamente, soy yo. \u2018Nosotros\u2019 es el gobierno de Milei, con el que se quieren ir algunos Gobernadores votados como peronistas\u201d, expres\u00f3 en referencia a Ra\u00fal Jalil (Catamarca), Gustavo S\u00e1enz (Salta) y Osvaldo Jaldo (Tucum\u00e1n), tres peronistas con buena sinton\u00eda con la administraci\u00f3n libertaria.<\/p>\n\n\n\n<p>Por su parte, y hablando sobre su candidatura para lider el Partido Justicialista (PJ), elecci\u00f3n en la que se medir\u00e1 con el mandatario provincial de La Rioja, Ricardo Quintela, se\u00f1al\u00f3: \u201c\u00bfSe entiende qu\u00e9 quiero decir cuando sostengo que hay que enderezar y ordenar el peronismo? Feliz D\u00eda de la Lealtad para todos y todas\u201d.<\/p>\n\n\n\n<p>Sus dichos se expresan sobre la confesi\u00f3n del ministro del Gabinete de Milei, quien revel\u00f3 que en di\u00e1logo con gobernadores peronistas le expresaron su sinton\u00eda con la administraci\u00f3n libertaria.<\/p>\n\n\n\n<p>\u201cTengo di\u00e1logo con gobernadores peronistas. El otro d\u00eda hablaba con algunos y dec\u00edan \u2018no queremos saber nada con esta mujer\u2019, literal\u201d, asegur\u00f3 Caputo desde el Coloquio IDEA celebrado en Mar del Plata, y a\u00f1adi\u00f3: \u201cEste es un cambio, estamos m\u00e1s para estar con ustedes. De vuelta, el que no vea eso, la gente es la primera que se va a dar cuenta y se lo va a facturar\u201d.<\/p>\n","protected":false},"excerpt":{"rendered":"<p>En el marco de D&iacute;a de la Lealtad, la ex vicepresidenta cuestion&oacute; duramente a los gobernadores con sinton&iacute;a libertaria. &laquo;&iquest;Se entiende qu&eacute; quiero decir cuando sostengo que hay que enderezar y ordenar el peronismo?&raquo;, destac&oacute;. La ex vicepresidenta Cristina Kirchner public&oacute; un posteo espec&iacute;fico por el D&iacute;a de la Lealtad que aprovech&oacute; para criticar al [&hellip;]<\/p>\n","protected":false},"author":2,"featured_media":8565,"comment_status":"open","ping_status":"open","sticky":false,"template":"","format":"standard","meta":{"footnotes":""},"categories":[5,176],"tags":[3537,1461,1023,232,792],"class_list":["post-8564","post","type-post","status-publish","format-standard","has-post-thumbnail","hentry","category-nacionales","category-politica","tag-cristina-kichner","tag-criticas","tag-gobernadores","tag-javier-milei","tag-luis-caputo"],"_links":{"self":[{"href":"https:\/\/partediario.com.ar\/index.php?rest_route=\/wp\/v2\/posts\/8564","targetHints":{"allow":["GET"]}}],"collection":[{"href":"https:\/\/partediario.com.ar\/index.php?rest_route=\/wp\/v2\/posts"}],"about":[{"href":"https:\/\/partediario.com.ar\/index.php?rest_route=\/wp\/v2\/types\/post"}],"author":[{"embeddable":true,"href":"https:\/\/partediario.com.ar\/index.php?rest_route=\/wp\/v2\/users\/2"}],"replies":[{"embeddable":true,"href":"https:\/\/partediario.com.ar\/index.php?rest_route=%2Fwp%2Fv2%2Fcomments&post=8564"}],"version-history":[{"count":1,"href":"https:\/\/partediario.com.ar\/index.php?rest_route=\/wp\/v2\/posts\/8564\/revisions"}],"predecessor-version":[{"id":8566,"href":"https:\/\/partediario.com.ar\/index.php?rest_route=\/wp\/v2\/posts\/8564\/revisions\/8566"}],"wp:featuredmedia":[{"embeddable":true,"href":"https:\/\/partediario.com.ar\/index.php?rest_route=\/wp\/v2\/media\/8565"}],"wp:attachment":[{"href":"https:\/\/partediario.com.ar\/index.php?rest_route=%2Fwp%2Fv2%2Fmedia&parent=8564"}],"wp:term":[{"taxonomy":"category","embeddable":true,"href":"https:\/\/partediario.com.ar\/index.php?rest_route=%2Fwp%2Fv2%2Fcategories&post=8564"},{"taxonomy":"post_tag","embeddable":true,"href":"https:\/\/partediario.com.ar\/index.php?rest_route=%2Fwp%2Fv2%2Ftags&post=8564"}],"curies":[{"name":"wp","href":"https:\/\/api.w.org\/{rel}","templated":true}]}}