{"id":8567,"date":"2024-10-17T11:44:09","date_gmt":"2024-10-17T14:44:09","guid":{"rendered":"https:\/\/partediario.com.ar\/?p=8567"},"modified":"2024-10-19T09:25:09","modified_gmt":"2024-10-19T12:25:09","slug":"perez-companc-dijo-que-se-avanza-en-el-camino-correcto-y-que-es-hora-de-arremangarse","status":"publish","type":"post","link":"https:\/\/partediario.com.ar\/?p=8567","title":{"rendered":"Perez Companc dijo que se avanza en el camino correcto y que es hora de \u00abarremangarse\u00bb"},"content":{"rendered":"\n<h3 class=\"wp-block-heading\">Al hablar en el Coloquio IDEA, Luis Perez Companc, presidente de Molinos, Molinos agro y Pecom, expres\u00f3 que la Argentina avanza por el camino correcto y expres\u00f3 que es hora de \u201carremangarse\u201d para el empresariado.<\/h3>\n\n\n\n<p>Perez Companz dio su visi\u00f3n sobre los desaf\u00edos para alcanzar una mayor competitividad de Argentina y el futuro de los negocios en el pa\u00eds.<\/p>\n\n\n\n<p>En el panel que comparti\u00f3 con Ignacio Bartolom\u00e9 y Hern\u00e1n Kazah, Perez Companc se mostr\u00f3 optimista sobre el futuro de Argentina: \u00abUno ve que hay luz al final del t\u00fanel y que estamos en el camino correcto\u00bb afirm\u00f3.<\/p>\n\n\n\n<p>Mencion\u00f3 adem\u00e1s que \u00abes el momento para nosotros los empresarios de arremangarnos, de hacer las cosas bien cada vez mejor dentro de nuestras empresas para salir a competir\u00bb<\/p>\n\n\n\n<p>Con relaci\u00f3n al compromiso con Argentina, record\u00f3 el reciente cambio en el grupo de control por el cual juntos a sus hermanas Rosario y Pilar tomaron el control de Molinos, Molinos agro y Pecom: \u201cDecidimos continuar con el legado de nuestro padre, reafirmando el amor que tenemos por Argentina y buscando que cada una de nuestras compa\u00f1\u00edas crezcan y aporten su granito de arena para nuestro pa\u00eds\u00bb, se\u00f1al\u00f3.<\/p>\n\n\n\n<p>Asimismo, mencion\u00f3 el trabajo que la Fundaci\u00f3n Perez Companc hace en materia de educaci\u00f3n, trabajando con escuelas de todo el pa\u00eds, un pilar fundamental para nuestro desarrollo.<\/p>\n\n\n\n<p>En cuanto a las oportunidades y el diferencial de Argentina, subray\u00f3 la importancia del capital humano y de emprender negocios pensando en el impacto que tienen en la gente y las comunidades: \u00abEste a\u00f1o volvemos a operar campos petroleros en Chubut, tenemos que eficientizarlos, agregarles tecnolog\u00eda pero estamos convencidos de que el factor diferencial es que tenemos el equipo y el capital humano para desarrollarlos y que eso impacte positivamente en las comunidades\u00bb, concluy\u00f3.<\/p>\n","protected":false},"excerpt":{"rendered":"<p>Al hablar en el Coloquio IDEA, Luis Perez Companc, presidente de Molinos, Molinos agro y Pecom, expres&oacute; que la Argentina avanza por el camino correcto y expres&oacute; que es hora de &ldquo;arremangarse&rdquo; para el empresariado. Perez Companz dio su visi&oacute;n sobre los desaf&iacute;os para alcanzar una mayor competitividad de Argentina y el futuro de los [&hellip;]<\/p>\n","protected":false},"author":2,"featured_media":8568,"comment_status":"open","ping_status":"open","sticky":false,"template":"","format":"standard","meta":{"footnotes":""},"categories":[5,176],"tags":[3859,3860],"class_list":["post-8567","post","type-post","status-publish","format-standard","has-post-thumbnail","hentry","category-nacionales","category-politica","tag-coloquio-idea","tag-luis-perez-companc"],"_links":{"self":[{"href":"https:\/\/partediario.com.ar\/index.php?rest_route=\/wp\/v2\/posts\/8567","targetHints":{"allow":["GET"]}}],"collection":[{"href":"https:\/\/partediario.com.ar\/index.php?rest_route=\/wp\/v2\/posts"}],"about":[{"href":"https:\/\/partediario.com.ar\/index.php?rest_route=\/wp\/v2\/types\/post"}],"author":[{"embeddable":true,"href":"https:\/\/partediario.com.ar\/index.php?rest_route=\/wp\/v2\/users\/2"}],"replies":[{"embeddable":true,"href":"https:\/\/partediario.com.ar\/index.php?rest_route=%2Fwp%2Fv2%2Fcomments&post=8567"}],"version-history":[{"count":1,"href":"https:\/\/partediario.com.ar\/index.php?rest_route=\/wp\/v2\/posts\/8567\/revisions"}],"predecessor-version":[{"id":8569,"href":"https:\/\/partediario.com.ar\/index.php?rest_route=\/wp\/v2\/posts\/8567\/revisions\/8569"}],"wp:featuredmedia":[{"embeddable":true,"href":"https:\/\/partediario.com.ar\/index.php?rest_route=\/wp\/v2\/media\/8568"}],"wp:attachment":[{"href":"https:\/\/partediario.com.ar\/index.php?rest_route=%2Fwp%2Fv2%2Fmedia&parent=8567"}],"wp:term":[{"taxonomy":"category","embeddable":true,"href":"https:\/\/partediario.com.ar\/index.php?rest_route=%2Fwp%2Fv2%2Fcategories&post=8567"},{"taxonomy":"post_tag","embeddable":true,"href":"https:\/\/partediario.com.ar\/index.php?rest_route=%2Fwp%2Fv2%2Ftags&post=8567"}],"curies":[{"name":"wp","href":"https:\/\/api.w.org\/{rel}","templated":true}]}}