{"id":8576,"date":"2024-10-17T21:34:32","date_gmt":"2024-10-18T00:34:32","guid":{"rendered":"https:\/\/partediario.com.ar\/?p=8576"},"modified":"2024-10-19T09:24:49","modified_gmt":"2024-10-19T12:24:49","slug":"en-el-dia-de-la-lealtad-peronista-villarruel-publico-fotos-con-isabel-de-peron","status":"publish","type":"post","link":"https:\/\/partediario.com.ar\/?p=8576","title":{"rendered":"En el D\u00eda de la Lealtad Peronista, Villarruel public\u00f3 fotos con Isabel de Per\u00f3n"},"content":{"rendered":"\n<p class=\"has-medium-font-size\"><strong>En las fotos se las ve a ambas distendidas en un encuentro informal, en el que ven con obsequios personales de \u00abIsabelita\u00bb y se toman las manos. La vicepresidenta retorno d\u00edas atr\u00e1s de una gira por Europa que la llev\u00f3 a reunirse en el Vaticano con el Papa Francisco.<\/strong><\/p>\n\n\n\n<p>La vicepresidenta Victoria Villarruel, esper\u00f3 hasta este el 17 de octubre, para dar a conocer fotos de un encuentro que mantuvo con la ex presidenta en Madrid, Isabel Mart\u00ednez de Per\u00f3n, a modo de homenaje en el marco de la celebraci\u00f3n del D\u00eda de la Lealtad Peronista.<\/p>\n\n\n\n<p><\/p>\n\n\n\n<blockquote class=\"twitter-tweet\"><p lang=\"es\" dir=\"ltr\">Con Isabel Mart\u00ednez de Per\u00f3n, primera presidente mujer del mundo y de la Argentina constitucionalmente elegida. Vicepresidente como yo y argentina bien nacida.<br><br>En un d\u00eda c\u00f3mo hoy, en donde se habla de lealtad, quiero reivindicar su figura <a href=\"https:\/\/t.co\/NA7Aw6k1DT\">pic.twitter.com\/NA7Aw6k1DT<\/a><\/p>&mdash; Victoria Villarruel (@VickyVillarruel) <a href=\"https:\/\/twitter.com\/VickyVillarruel\/status\/1846977549739479386?ref_src=twsrc%5Etfw\">October 17, 2024<\/a><\/blockquote> <script async src=\"https:\/\/platform.twitter.com\/widgets.js\" charset=\"utf-8\"><\/script>\n\n\n\n<p><\/p>\n\n\n\n<p>\u00abCon Isabel Mart\u00ednez de Per\u00f3n, primera presidente mujer del mundo y de la Argentina constitucionalmente elegida. Vicepresidente como yo y argentina bien nacida\u00bb, subi\u00f3 Villarruel en su cuenta de X.<\/p>\n\n\n\n<p>Isabel Per\u00f3n fue elegida vicepresidenta en 1973 en la f\u00f3rmula de su marido, Juan Domingo Per\u00f3n, a quien sucedi\u00f3 despu\u00e9s de su fallecimiento en 1974. En 1976 fue derrocada por el general Rafael Videla, que impuso una dictadura.<\/p>\n\n\n\n<p>En las fotos se las ve a ambas distendidas en un encuentro informal, en el que posan con obsequios personales de \u00abIsabelita\u00bb y se toman las manos.<\/p>\n\n\n\n<p>\u00abEn un d\u00eda c\u00f3mo hoy, en donde se habla de lealtad, quiero reivindicar su figura\u00bb, subray\u00f3 Villarruel, en una publicaci\u00f3n que podr\u00eda ser le\u00edda como una se\u00f1al hacia un sector del peronismo que quiere acercar posiciones con la titular del Senado.<\/p>\n\n\n\n<p>Villarruel viene de cerrar una gira por Europa que la llev\u00f3 el lunes \u00faltimo a reunirse en el Vaticano con el papa Francisco, quien le alent\u00f3 a \u00abno aflojar\u00bb y a no \u00abperder el sentido com\u00fan\u00bb.<\/p>\n","protected":false},"excerpt":{"rendered":"<p>En las fotos se las ve a ambas distendidas en un encuentro informal, en el que ven con obsequios personales de &laquo;Isabelita&raquo; y se toman las manos. La vicepresidenta retorno d&iacute;as atr&aacute;s de una gira por Europa que la llev&oacute; a reunirse en el Vaticano con el Papa Francisco. La vicepresidenta Victoria Villarruel, esper&oacute; hasta [&hellip;]<\/p>\n","protected":false},"author":2,"featured_media":8577,"comment_status":"open","ping_status":"open","sticky":false,"template":"","format":"standard","meta":{"footnotes":""},"categories":[5,176],"tags":[754,3865,233],"class_list":["post-8576","post","type-post","status-publish","format-standard","has-post-thumbnail","hentry","category-nacionales","category-politica","tag-madrid","tag-maria-estela-martinez-de-peron","tag-victoria-villarruel"],"_links":{"self":[{"href":"https:\/\/partediario.com.ar\/index.php?rest_route=\/wp\/v2\/posts\/8576","targetHints":{"allow":["GET"]}}],"collection":[{"href":"https:\/\/partediario.com.ar\/index.php?rest_route=\/wp\/v2\/posts"}],"about":[{"href":"https:\/\/partediario.com.ar\/index.php?rest_route=\/wp\/v2\/types\/post"}],"author":[{"embeddable":true,"href":"https:\/\/partediario.com.ar\/index.php?rest_route=\/wp\/v2\/users\/2"}],"replies":[{"embeddable":true,"href":"https:\/\/partediario.com.ar\/index.php?rest_route=%2Fwp%2Fv2%2Fcomments&post=8576"}],"version-history":[{"count":1,"href":"https:\/\/partediario.com.ar\/index.php?rest_route=\/wp\/v2\/posts\/8576\/revisions"}],"predecessor-version":[{"id":8578,"href":"https:\/\/partediario.com.ar\/index.php?rest_route=\/wp\/v2\/posts\/8576\/revisions\/8578"}],"wp:featuredmedia":[{"embeddable":true,"href":"https:\/\/partediario.com.ar\/index.php?rest_route=\/wp\/v2\/media\/8577"}],"wp:attachment":[{"href":"https:\/\/partediario.com.ar\/index.php?rest_route=%2Fwp%2Fv2%2Fmedia&parent=8576"}],"wp:term":[{"taxonomy":"category","embeddable":true,"href":"https:\/\/partediario.com.ar\/index.php?rest_route=%2Fwp%2Fv2%2Fcategories&post=8576"},{"taxonomy":"post_tag","embeddable":true,"href":"https:\/\/partediario.com.ar\/index.php?rest_route=%2Fwp%2Fv2%2Ftags&post=8576"}],"curies":[{"name":"wp","href":"https:\/\/api.w.org\/{rel}","templated":true}]}}