{"id":8579,"date":"2024-10-18T14:50:24","date_gmt":"2024-10-18T17:50:24","guid":{"rendered":"https:\/\/partediario.com.ar\/?p=8579"},"modified":"2024-10-19T09:24:43","modified_gmt":"2024-10-19T12:24:43","slug":"murio-gines-gonzalez-garcia-gines-a-los-79-anos","status":"publish","type":"post","link":"https:\/\/partediario.com.ar\/?p=8579","title":{"rendered":"Muri\u00f3 Gin\u00e9s Gonz\u00e1lez Garc\u00eda Gin\u00e9s a los 79 a\u00f1os"},"content":{"rendered":"\n<h3 class=\"wp-block-heading\">El ex ministro de Salud se encontraba internado en el Instituto Quir\u00fargico del Callao y falleci\u00f3 debido a un c\u00e1ncer padec\u00eda desde tiempo atr\u00e1s.<\/h3>\n\n\n\n<p>Pasado el mediod\u00eda, desde las redes sociales del exfuncionario, sus allegados comunicaron la noticia mediante un sentido mensaje: \u201cCon mucha tristeza despedimos a un hombre distinto, cuya vida y legado han marcado un antes y un despu\u00e9s en nuestras vidas. Hijo, hermano, padre, abuelo y amigo. Su paso por este mundo dej\u00f3 una huella y una impronta que seguir\u00e1n abriendo caminos en cada uno de nosotros y nosotras\u00bb.<\/p>\n\n\n\n<p><\/p>\n\n\n\n<blockquote class=\"twitter-tweet\"><p lang=\"es\" dir=\"ltr\">Con mucha tristeza despedimos a un hombre distinto, cuya vida y legado han marcado un antes y un despu\u00e9s en nuestras vidas. Hijo, hermano, padre, abuelo y amigo. Su paso por este mundo dej\u00f3 una huella y una impronta que seguir\u00e1n abriendo caminos en cada uno de nosotros y nosotras <a href=\"https:\/\/t.co\/dCvSlrwn3Z\">pic.twitter.com\/dCvSlrwn3Z<\/a><\/p>&mdash; Gines Gonz\u00e1lez Garc\u00eda (@ginesggarcia) <a href=\"https:\/\/twitter.com\/ginesggarcia\/status\/1847307274026401988?ref_src=twsrc%5Etfw\">October 18, 2024<\/a><\/blockquote> <script async src=\"https:\/\/platform.twitter.com\/widgets.js\" charset=\"utf-8\"><\/script>\n\n\n\n<p><\/p>\n\n\n\n<p>\u201cSu inquebrantable convicci\u00f3n por un mundo m\u00e1s justo fue un faro y un ejemplo de integridad en un camino muchas veces arduo. Su capacidad para escuchar, comprender y guiar a quienes lo rodeaban hizo que todos nos sinti\u00e9ramos parte de algo m\u00e1s grande\u201d, destacaron, y completaron: \u201cNos ense\u00f1\u00f3 que el verdadero liderazgo se sustenta en el servicio, la empat\u00eda, la colaboraci\u00f3n y el consenso. Hoy, mientras lloramos su partida, tambi\u00e9n celebramos su vida\u201d.<\/p>\n\n\n\n<p>Y expresaron adem\u00e1s: \u201cRecordaremos sus risas, su mirada siempre distinta, sus ideales por una Argentina mejor, y su eterna pasi\u00f3n por Racing. Gracias Gin\u00e9s. Por ser un hombre extraordinario, el sanitarista contempor\u00e1neo que cambi\u00f3 paradigmas y cultiv\u00f3 su lealtad de un modo \u00fanico. Su memoria vivir\u00e1 en nuestros corazones y en cada paso que demos hacia un mundo m\u00e1s justo y solidario\u201d.<\/p>\n\n\n\n<p>El m\u00e9dico ser\u00e1 velado esta tarde, a las 18, en en la Universidad Isalud, ubicada en Venezuela 847, de la que era rector honorario.<\/p>\n\n\n\n<p>Gonz\u00e1lez Garc\u00eda naci\u00f3 en San Nicol\u00e1s, provincia de Buenos Aires, el 31 de agosto 1945, y curs\u00f3 sus estudios universitarios en la Universidad Nacional de C\u00f3rdoba con especializaci\u00f3n en cirug\u00eda y se diplom\u00f3 en la Universidad de Buenos Aires en salud p\u00fablica.<\/p>\n\n\n\n<p>Tambi\u00e9n realiz\u00f3 una maestr\u00eda en Econom\u00eda y Gesti\u00f3n P\u00fablica en la Universidad de Lomas de Zamora, y en el a\u00f1o 2019, fue distinguido con un Doctorado Honoris Causa en la Universidad de Mor\u00f3n.<\/p>\n\n\n\n<p>Se desempe\u00f1\u00f3 como ministro de Salud de la provincia de Buenos Aires, bajo el mandato de Antonio Cafiero desde 1987 hasta 1991. Siete a\u00f1os m\u00e1s tarde, fue ministro de Salud y Ambiente durante la presidencia de Eduardo Duhalde, cargo en el que fue ratificado en 2003 por N\u00e9stor Kirchner.<\/p>\n\n\n\n<p>Entre 2007 fue designado como embajador argentino en Chile, hasta el 2015 tras la victoria del ex presidente Mauricio Macri.<\/p>\n\n\n\n<p>El regreso al Poder Ejecutivo se dio reci\u00e9n en diciembre 2019, con el asenso de Alberto Fern\u00e1ndez al poder. Gonz\u00e1lez Garc\u00eda estuvo a cargo del Ministerio de Salud durante el tramo m\u00e1s duro de la pandemia del COVID-19 y su estad\u00eda concluy\u00f3 en 2021 a ra\u00edz de la pol\u00e9mica desatada por \u00abVacunatorio Vip\u00bb.<\/p>\n\n\n\n<p>El episodio por la irregular distribuci\u00f3n de las vacunas marc\u00f3 el fin de la carrera del cirujano en el Gabinete de Alberto Fern\u00e1ndez y Cristina Kirchner.<\/p>\n","protected":false},"excerpt":{"rendered":"<p>El ex ministro de Salud se encontraba internado en el Instituto Quir&uacute;rgico del Callao y falleci&oacute; debido a un c&aacute;ncer padec&iacute;a desde tiempo atr&aacute;s. Pasado el mediod&iacute;a, desde las redes sociales del exfuncionario, sus allegados comunicaron la noticia mediante un sentido mensaje: &ldquo;Con mucha tristeza despedimos a un hombre distinto, cuya vida y legado han [&hellip;]<\/p>\n","protected":false},"author":2,"featured_media":8580,"comment_status":"open","ping_status":"open","sticky":false,"template":"","format":"standard","meta":{"footnotes":""},"categories":[5,176],"tags":[3866,561],"class_list":["post-8579","post","type-post","status-publish","format-standard","has-post-thumbnail","hentry","category-nacionales","category-politica","tag-gines-gonzalez-garcia","tag-murio"],"_links":{"self":[{"href":"https:\/\/partediario.com.ar\/index.php?rest_route=\/wp\/v2\/posts\/8579","targetHints":{"allow":["GET"]}}],"collection":[{"href":"https:\/\/partediario.com.ar\/index.php?rest_route=\/wp\/v2\/posts"}],"about":[{"href":"https:\/\/partediario.com.ar\/index.php?rest_route=\/wp\/v2\/types\/post"}],"author":[{"embeddable":true,"href":"https:\/\/partediario.com.ar\/index.php?rest_route=\/wp\/v2\/users\/2"}],"replies":[{"embeddable":true,"href":"https:\/\/partediario.com.ar\/index.php?rest_route=%2Fwp%2Fv2%2Fcomments&post=8579"}],"version-history":[{"count":1,"href":"https:\/\/partediario.com.ar\/index.php?rest_route=\/wp\/v2\/posts\/8579\/revisions"}],"predecessor-version":[{"id":8581,"href":"https:\/\/partediario.com.ar\/index.php?rest_route=\/wp\/v2\/posts\/8579\/revisions\/8581"}],"wp:featuredmedia":[{"embeddable":true,"href":"https:\/\/partediario.com.ar\/index.php?rest_route=\/wp\/v2\/media\/8580"}],"wp:attachment":[{"href":"https:\/\/partediario.com.ar\/index.php?rest_route=%2Fwp%2Fv2%2Fmedia&parent=8579"}],"wp:term":[{"taxonomy":"category","embeddable":true,"href":"https:\/\/partediario.com.ar\/index.php?rest_route=%2Fwp%2Fv2%2Fcategories&post=8579"},{"taxonomy":"post_tag","embeddable":true,"href":"https:\/\/partediario.com.ar\/index.php?rest_route=%2Fwp%2Fv2%2Ftags&post=8579"}],"curies":[{"name":"wp","href":"https:\/\/api.w.org\/{rel}","templated":true}]}}