{"id":8586,"date":"2024-10-19T08:54:16","date_gmt":"2024-10-19T11:54:16","guid":{"rendered":"https:\/\/partediario.com.ar\/?p=8586"},"modified":"2024-10-20T11:41:14","modified_gmt":"2024-10-20T14:41:14","slug":"cristina-kirchner-critico-duraente-a-kicillof-los-poncio-pilatos-y-los-judas-no-van-mas-expreso","status":"publish","type":"post","link":"https:\/\/partediario.com.ar\/?p=8586","title":{"rendered":"Cristina Kirchner critic\u00f3 duraente a Kicillof: \u00abLos Poncio Pilatos y los Judas no van m\u00e1s\u00bb, expres\u00f3"},"content":{"rendered":"\n<h3 class=\"wp-block-heading\">La ex presidenta Cristina Kirchner critic\u00f3 al gobernador bonaerense, Axel Kicillof, a quien acus\u00f3 de ser un \u00abPoncio Pilotos\u00bb y un \u00abJudas\u00bb en medio de la interna en el PJ por la renovaci\u00f3n de autoridades. \u00abLos Poncio Pilatos y los Judas en el peronismo no van m\u00e1s\u00bb, expres\u00f3 Cristina Kirchner.<\/h3>\n\n\n\n<p>La ex presidenta se expres\u00f3 en estos t\u00e9rminos durante una reuni\u00f3n que se llev\u00f3 a cabo por la tarde en la sede del gremio SMATA, en el barrio porte\u00f1o de San Telmo, y que se extendi\u00f3 durante m\u00e1s de cuatro horas, seg\u00fan se supo de fuentes del peronismo.<\/p>\n\n\n\n<p>\u00abNo estamos eligiendo entre San Mart\u00edn y Belgrano. Me hace ruido y me provoca dolor que haya gente que no se defina\u00bb, manifest\u00f3 la ex mandataria en referencia a Kicillof, a quien acusa de apoyar al gobernador de La Rioja, Ricardo Quintela, en la compulsa por la conducci\u00f3n del PJ. Y agreg\u00f3 que \u00abning\u00fan dirigente es v\u00edctima\u00bb, sino que \u00abla \u00fanica v\u00edctima en este pa\u00eds es la gente\u00bb.<\/p>\n\n\n\n<p>Esa definici\u00f3n fue la misma que hab\u00eda utilizado M\u00e1ximo Kirchner durante el plenario que encabez\u00f3 en La Plata el 20 de septiembre \u00faltimo, cuando cuestion\u00f3 a Kicillof, aunque sin nombrarlo, por \u00abvictimizarse\u00bb.<\/p>\n\n\n\n<p>Del encuentro participaron legisladores, intendentes y sindicalistas, entre quienes se contaron a M\u00e1ximo Kirchner y Eduardo \u00b4Wado\u00b4 De Pedro, por La C\u00e1mpora; los jefes comunales Mayra Mendoza (Quilmes), Leonardo Nardini (Malvinas Argentinas), Federico Oterm\u00edn (Lomas de Zamora), Gustavo Men\u00e9ndez (Merlo), Gast\u00f3n Granados (Ezeiza) y Mariel Fern\u00e1ndez (Moreno).<\/p>\n\n\n\n<p>Del lado del sindicalismo estuvo Ricardo Pignanelli, jefe del gremio y flamante integrante de la lista de Fern\u00e1ndez de Kirchner para el PJ, y el dirigente Juli\u00e1n Dom\u00ednguez, que asesora a ese sindicato.<\/p>\n","protected":false},"excerpt":{"rendered":"<p>La ex presidenta Cristina Kirchner critic&oacute; al gobernador bonaerense, Axel Kicillof, a quien acus&oacute; de ser un &laquo;Poncio Pilotos&raquo; y un &laquo;Judas&raquo; en medio de la interna en el PJ por la renovaci&oacute;n de autoridades. &laquo;Los Poncio Pilatos y los Judas en el peronismo no van m&aacute;s&raquo;, expres&oacute; Cristina Kirchner. La ex presidenta se expres&oacute; [&hellip;]<\/p>\n","protected":false},"author":2,"featured_media":8587,"comment_status":"open","ping_status":"open","sticky":false,"template":"","format":"standard","meta":{"footnotes":""},"categories":[5,176],"tags":[1112,3537,833],"class_list":["post-8586","post","type-post","status-publish","format-standard","has-post-thumbnail","hentry","category-nacionales","category-politica","tag-axel-kicillof","tag-cristina-kichner","tag-critica"],"_links":{"self":[{"href":"https:\/\/partediario.com.ar\/index.php?rest_route=\/wp\/v2\/posts\/8586","targetHints":{"allow":["GET"]}}],"collection":[{"href":"https:\/\/partediario.com.ar\/index.php?rest_route=\/wp\/v2\/posts"}],"about":[{"href":"https:\/\/partediario.com.ar\/index.php?rest_route=\/wp\/v2\/types\/post"}],"author":[{"embeddable":true,"href":"https:\/\/partediario.com.ar\/index.php?rest_route=\/wp\/v2\/users\/2"}],"replies":[{"embeddable":true,"href":"https:\/\/partediario.com.ar\/index.php?rest_route=%2Fwp%2Fv2%2Fcomments&post=8586"}],"version-history":[{"count":1,"href":"https:\/\/partediario.com.ar\/index.php?rest_route=\/wp\/v2\/posts\/8586\/revisions"}],"predecessor-version":[{"id":8588,"href":"https:\/\/partediario.com.ar\/index.php?rest_route=\/wp\/v2\/posts\/8586\/revisions\/8588"}],"wp:featuredmedia":[{"embeddable":true,"href":"https:\/\/partediario.com.ar\/index.php?rest_route=\/wp\/v2\/media\/8587"}],"wp:attachment":[{"href":"https:\/\/partediario.com.ar\/index.php?rest_route=%2Fwp%2Fv2%2Fmedia&parent=8586"}],"wp:term":[{"taxonomy":"category","embeddable":true,"href":"https:\/\/partediario.com.ar\/index.php?rest_route=%2Fwp%2Fv2%2Fcategories&post=8586"},{"taxonomy":"post_tag","embeddable":true,"href":"https:\/\/partediario.com.ar\/index.php?rest_route=%2Fwp%2Fv2%2Ftags&post=8586"}],"curies":[{"name":"wp","href":"https:\/\/api.w.org\/{rel}","templated":true}]}}