{"id":8589,"date":"2024-10-19T08:59:59","date_gmt":"2024-10-19T11:59:59","guid":{"rendered":"https:\/\/partediario.com.ar\/?p=8589"},"modified":"2024-10-20T11:41:10","modified_gmt":"2024-10-20T14:41:10","slug":"escracharon-a-sandra-pettovello-en-aeroparque-ganamos-las-elecciones-aguantensela-contesto","status":"publish","type":"post","link":"https:\/\/partediario.com.ar\/?p=8589","title":{"rendered":"Escracharon a Sandra Pettovello en Aeroparque: \u00abGanamos las elecciones, agu\u00e1ntensela\u00bb, contest\u00f3"},"content":{"rendered":"\n<h3 class=\"wp-block-heading\">La ministra de Capital Humano, Sandra Pettovello, fue escrachada esta tarde por un grupo de pasajeros, mientras regresaba al aeroparque Jorge Newbery en un vuelo de Aerol\u00edneas Argentinas procedente de San Salvador de Jujuy.<\/h3>\n\n\n\n<p>El episodio que protagoniz\u00f3 la funcionaria se dio cuando iba a bordo del \u00f3mnibus que hab\u00eda recogido a los pasajeros en la pista y los trasladaba hasta el hall para retirar el equipaje, y qued\u00f3 registrado en filmaciones que se viralizaron en las redes sociales, a partir de un video subido en su cuenta en X.<\/p>\n\n\n\n<p><\/p>\n\n\n\n<blockquote class=\"twitter-tweet\" data-media-max-width=\"560\"><p lang=\"es\" dir=\"ltr\">Camino libre por la calle, voy al supermercado sin problemas. Lo que ocurri\u00f3 no fue un acto espont\u00e1neo, sino una acci\u00f3n cobarde y antidemocr\u00e1tica de personas que viajaban en grupo. Estamos investigando. Aprendan a convivir con la discrepancia y respeten la democracia. Perdieron,\u2026 <a href=\"https:\/\/t.co\/xF20BLoaDd\">pic.twitter.com\/xF20BLoaDd<\/a><\/p>&mdash; Sandra Pettovello (@SPettovelloOK) <a href=\"https:\/\/twitter.com\/SPettovelloOK\/status\/1847475090960609752?ref_src=twsrc%5Etfw\">October 19, 2024<\/a><\/blockquote> <script async src=\"https:\/\/platform.twitter.com\/widgets.js\" charset=\"utf-8\"><\/script>\n\n\n\n<p><\/p>\n\n\n\n<p>Pettovello iba parada, junto al secretario de Educaci\u00f3n, Carlos Torrendell, cuando un grupo de personas comenz\u00f3 a hostigarla, primero al grito de \u00abAerol\u00edneas no se vende!!!\u00bb y luego \u00abUniversidad de los trabajadores y al que no le gusta, se jode\u2026\u00bb<\/p>\n\n\n\n<p><\/p>\n\n\n\n<p>Al principio, la ministra sonri\u00f3 sin responder, aunque luego perdi\u00f3 la paciencia y enfrent\u00f3 a quienes le gritaban \u00abDejen de ajustar al pueblo!!!\u00bb, a lo que la funcionaria replic\u00f3: \u00abGanamos las elecciones, agu\u00e1ntensela\u00bb.<\/p>\n\n\n\n<p>\u00abNosotros tambi\u00e9n nos ajustamos\u00bb, a\u00f1adi\u00f3 Pettovello, lo que enardeci\u00f3 aun m\u00e1s a quienes la criticaban y le gritaban \u00abChorra, entreg\u00e1 los alimentos para los comedores\u00bb.<\/p>\n\n\n\n<p>Y cuando el veh\u00edculo estacion\u00f3 y comenzaron a bajar los pasajeros, uno de ellos reiter\u00f3: \u00abAerol\u00edneas no se vende\u00bb, y Pettovello -m\u00e1s exaltada- grit\u00f3 \u00abS\u00ed, se vende\u2026\u00bb.<\/p>\n","protected":false},"excerpt":{"rendered":"<p>La ministra de Capital Humano, Sandra Pettovello, fue escrachada esta tarde por un grupo de pasajeros, mientras regresaba al aeroparque Jorge Newbery en un vuelo de Aerol&iacute;neas Argentinas procedente de San Salvador de Jujuy. El episodio que protagoniz&oacute; la funcionaria se dio cuando iba a bordo del &oacute;mnibus que hab&iacute;a recogido a los pasajeros en [&hellip;]<\/p>\n","protected":false},"author":2,"featured_media":8590,"comment_status":"open","ping_status":"open","sticky":false,"template":"","format":"standard","meta":{"footnotes":""},"categories":[5,176],"tags":[2685,3870,753,377],"class_list":["post-8589","post","type-post","status-publish","format-standard","has-post-thumbnail","hentry","category-nacionales","category-politica","tag-aeroparque","tag-escrache","tag-jujuy","tag-sandra-petovello"],"_links":{"self":[{"href":"https:\/\/partediario.com.ar\/index.php?rest_route=\/wp\/v2\/posts\/8589","targetHints":{"allow":["GET"]}}],"collection":[{"href":"https:\/\/partediario.com.ar\/index.php?rest_route=\/wp\/v2\/posts"}],"about":[{"href":"https:\/\/partediario.com.ar\/index.php?rest_route=\/wp\/v2\/types\/post"}],"author":[{"embeddable":true,"href":"https:\/\/partediario.com.ar\/index.php?rest_route=\/wp\/v2\/users\/2"}],"replies":[{"embeddable":true,"href":"https:\/\/partediario.com.ar\/index.php?rest_route=%2Fwp%2Fv2%2Fcomments&post=8589"}],"version-history":[{"count":1,"href":"https:\/\/partediario.com.ar\/index.php?rest_route=\/wp\/v2\/posts\/8589\/revisions"}],"predecessor-version":[{"id":8591,"href":"https:\/\/partediario.com.ar\/index.php?rest_route=\/wp\/v2\/posts\/8589\/revisions\/8591"}],"wp:featuredmedia":[{"embeddable":true,"href":"https:\/\/partediario.com.ar\/index.php?rest_route=\/wp\/v2\/media\/8590"}],"wp:attachment":[{"href":"https:\/\/partediario.com.ar\/index.php?rest_route=%2Fwp%2Fv2%2Fmedia&parent=8589"}],"wp:term":[{"taxonomy":"category","embeddable":true,"href":"https:\/\/partediario.com.ar\/index.php?rest_route=%2Fwp%2Fv2%2Fcategories&post=8589"},{"taxonomy":"post_tag","embeddable":true,"href":"https:\/\/partediario.com.ar\/index.php?rest_route=%2Fwp%2Fv2%2Ftags&post=8589"}],"curies":[{"name":"wp","href":"https:\/\/api.w.org\/{rel}","templated":true}]}}