{"id":8598,"date":"2024-10-19T17:44:58","date_gmt":"2024-10-19T20:44:58","guid":{"rendered":"https:\/\/partediario.com.ar\/?p=8598"},"modified":"2024-10-19T17:47:12","modified_gmt":"2024-10-19T20:47:12","slug":"amenazan-a-un-periodista-marplatense-tras-nota-sobre-un-area-de-la-municipalidad-de-general-pueyrredon","status":"publish","type":"post","link":"https:\/\/partediario.com.ar\/?p=8598","title":{"rendered":"Amenazan a un periodista marplatense tras nota sobre un \u00e1rea de la Municipalidad de General Pueyrred\u00f3n"},"content":{"rendered":"\n<h3 class=\"wp-block-heading\">Se trata de Ulises Catriel Cuenca, comunicador de varios medios, quien recibi\u00f3 en forma telef\u00f3nica dos amenazas de muerte tras un informe sobre negociados en el \u00e1rea de Licencias de Conducir de la Municipalidad de General Pueyrred\u00f3n.<\/h3>\n\n\n\n<p>El portal de noticias NOVA, sac\u00f3 a la luz nuevamente el negociado y nepotismo detr\u00e1s de las licencias de conducir en el \u00e1rea de Tr\u00e1nsito de General Pueyrred\u00f3n, lo cual gener\u00f3 controversias y debates en el Palacio Municipal.<\/p>\n\n\n\n<p>Tras el informe plasmado en una nota period\u00edstica, Ulises Catriel Cuenca recibi\u00f3 una comunicaci\u00f3n por parte de una de las se\u00f1aladas en el informe, Ana Mariela G\u00f3mez, qui\u00e9n lo habr\u00eda amenazado de muerte si no bajaba la nota.<\/p>\n\n\n\n<p><\/p>\n\n\n\n<figure class=\"wp-block-image size-full\"><img loading=\"lazy\" decoding=\"async\" width=\"800\" height=\"600\" src=\"https:\/\/partediario.com.ar\/wp-content\/uploads\/8e5a86dc562682f42c1c36af92ad329c.webp\" alt=\"\" class=\"wp-image-8599\" srcset=\"https:\/\/partediario.com.ar\/wp-content\/uploads\/8e5a86dc562682f42c1c36af92ad329c.webp 800w, https:\/\/partediario.com.ar\/wp-content\/uploads\/8e5a86dc562682f42c1c36af92ad329c-300x225.webp 300w, https:\/\/partediario.com.ar\/wp-content\/uploads\/8e5a86dc562682f42c1c36af92ad329c-768x576.webp 768w\" sizes=\"auto, (max-width: 800px) 100vw, 800px\" \/><\/figure>\n\n\n\n<p><\/p>\n\n\n\n<p><\/p>\n\n\n\n<p>Por lo que pudo averiguar este medio, el periodista primero recibi\u00f3 una llamada con voz femenina que le expres\u00f3: \u00abSi no baj\u00e1s la nota, te voy a mandar a matar\u00bb, para cortar la comunicaci\u00f3n sin m\u00e1s respuestas.<\/p>\n\n\n\n<p>Ni siquiera pas\u00f3 un minuto, que otro n\u00famero (con la misma voz femenina) diferente lo comunic\u00f3 y le pregunt\u00f3 por la nota publicada en NOVA, consultando sobre fuentes y dem\u00e1s. Ante la negativa de sacar a la luz la informaci\u00f3n, la mujer se identific\u00f3 como Ana Mariela G\u00f3mez y amenaz\u00f3 con realizar una denuncia penal.<\/p>\n\n\n\n<p><\/p>\n\n\n\n<figure class=\"wp-block-image size-full\"><img loading=\"lazy\" decoding=\"async\" width=\"800\" height=\"600\" src=\"https:\/\/partediario.com.ar\/wp-content\/uploads\/9d9e2b677234f7d8de889e439946ba3e.webp\" alt=\"\" class=\"wp-image-8600\" srcset=\"https:\/\/partediario.com.ar\/wp-content\/uploads\/9d9e2b677234f7d8de889e439946ba3e.webp 800w, https:\/\/partediario.com.ar\/wp-content\/uploads\/9d9e2b677234f7d8de889e439946ba3e-300x225.webp 300w, https:\/\/partediario.com.ar\/wp-content\/uploads\/9d9e2b677234f7d8de889e439946ba3e-768x576.webp 768w\" sizes=\"auto, (max-width: 800px) 100vw, 800px\" \/><\/figure>\n\n\n\n<p><\/p>\n\n\n\n<p>El periodista Ulises Catriel Cuenca, decidi\u00f3 radicar las denuncias por extorsi\u00f3n y amenazas de muerte en la Comisar\u00eda 13 de Playa Serena, bajo el expediente PP-08-00-042102-24\/00. A partir de este momento queda en manos de la Justicia, encontrarle una soluci\u00f3n a este caso.<\/p>\n\n\n\n<p>Vale se\u00f1alar que la libertad de expresi\u00f3n es un derecho universal que confiere la posibilidad de expresar o manifestar nuestras ideas y puntos de vista libremente. Te\u00f3ricamente la libertad de expresi\u00f3n existe dado que somos un estado democr\u00e1tico, este derecho nos permite pensar, indagar, difundir y crear informaci\u00f3n de manera libre y segura.<\/p>\n","protected":false},"excerpt":{"rendered":"<p>Se trata de Ulises Catriel Cuenca, comunicador de varios medios, quien recibi&oacute; en forma telef&oacute;nica dos amenazas de muerte tras un informe sobre negociados en el &aacute;rea de Licencias de Conducir de la Municipalidad de General Pueyrred&oacute;n. El portal de noticias NOVA, sac&oacute; a la luz nuevamente el negociado y nepotismo detr&aacute;s de las licencias [&hellip;]<\/p>\n","protected":false},"author":2,"featured_media":8601,"comment_status":"open","ping_status":"open","sticky":false,"template":"","format":"standard","meta":{"footnotes":""},"categories":[3272,7],"tags":[3750,3876,3668,3875,2044,3874],"class_list":["post-8598","post","type-post","status-publish","format-standard","has-post-thumbnail","hentry","category-municipales","category-policiales","tag-amenaza","tag-ana-mariela-gomez","tag-mar-del-plata","tag-municipalidad-general-pueyrredon","tag-periodista","tag-puerte"],"_links":{"self":[{"href":"https:\/\/partediario.com.ar\/index.php?rest_route=\/wp\/v2\/posts\/8598","targetHints":{"allow":["GET"]}}],"collection":[{"href":"https:\/\/partediario.com.ar\/index.php?rest_route=\/wp\/v2\/posts"}],"about":[{"href":"https:\/\/partediario.com.ar\/index.php?rest_route=\/wp\/v2\/types\/post"}],"author":[{"embeddable":true,"href":"https:\/\/partediario.com.ar\/index.php?rest_route=\/wp\/v2\/users\/2"}],"replies":[{"embeddable":true,"href":"https:\/\/partediario.com.ar\/index.php?rest_route=%2Fwp%2Fv2%2Fcomments&post=8598"}],"version-history":[{"count":1,"href":"https:\/\/partediario.com.ar\/index.php?rest_route=\/wp\/v2\/posts\/8598\/revisions"}],"predecessor-version":[{"id":8602,"href":"https:\/\/partediario.com.ar\/index.php?rest_route=\/wp\/v2\/posts\/8598\/revisions\/8602"}],"wp:featuredmedia":[{"embeddable":true,"href":"https:\/\/partediario.com.ar\/index.php?rest_route=\/wp\/v2\/media\/8601"}],"wp:attachment":[{"href":"https:\/\/partediario.com.ar\/index.php?rest_route=%2Fwp%2Fv2%2Fmedia&parent=8598"}],"wp:term":[{"taxonomy":"category","embeddable":true,"href":"https:\/\/partediario.com.ar\/index.php?rest_route=%2Fwp%2Fv2%2Fcategories&post=8598"},{"taxonomy":"post_tag","embeddable":true,"href":"https:\/\/partediario.com.ar\/index.php?rest_route=%2Fwp%2Fv2%2Ftags&post=8598"}],"curies":[{"name":"wp","href":"https:\/\/api.w.org\/{rel}","templated":true}]}}