{"id":8603,"date":"2024-10-19T18:58:42","date_gmt":"2024-10-19T21:58:42","guid":{"rendered":"https:\/\/partediario.com.ar\/?p=8603"},"modified":"2024-10-20T11:41:04","modified_gmt":"2024-10-20T14:41:04","slug":"mayra-mendoza-presentara-junto-a-smata-de-quilmes-la-mesa-cristina-presidenta","status":"publish","type":"post","link":"https:\/\/partediario.com.ar\/?p=8603","title":{"rendered":"Mayra Mendoza presentar\u00e1 junto a SMATA de Quilmes la mesa \u00abCristina Presidenta\u00bb"},"content":{"rendered":"\n<h3 class=\"wp-block-heading\">La intendenta de Quilmes, Mayra Mendoza presentar\u00e1 el lunes junto al Sindicato de Mec\u00e1nicos y Afines del Transporte Automotor (SMATA) la mesa \u00abCristina Presidenta\u00bb, lo har\u00e1 en medio de la interna para conducir el Partido Justicialista (PJ) a nivel nacional.<\/h3>\n\n\n\n<p>Si bien en las \u00faltimas horas se dieron versiones period\u00edsticas que indicaba que la ex presidenta Cristina Kirchner iba a formar parte del evento, fuentes del municipio del sur del Gran Buenos Aires confirmaron que se trata de \u00abun evento local\u00bb del que la ex presidenta no participar\u00e1.<\/p>\n\n\n\n<p>El acto que realizar\u00e1 la jefa comunal quilme\u00f1a, una de las principales impulsoras de la candidatura de Fern\u00e1ndez de Kirchner al PJ, se da tras que la ex jefa de Estado presentara ayer oficialmente su lista para liderar el partido y ratificara sus intenciones de competir contra el gobernador de La Rioja, Ricardo Quintela.<\/p>\n\n\n\n<p>\u00abSi el juego sigue siendo se\u00f1alar traiciones, no vamos a poder construir una nueva esperanza en el peronismo\u00bb, expres\u00f3 Quintela en redes sociales, y adem\u00e1s reiter\u00f3 que seguir\u00e1 adelante con la disputa en las elecciones partidarias del PJ del 17 de noviembre.<\/p>\n\n\n\n<p>La publicaci\u00f3n de Quintela fue realizada despu\u00e9s que se conociera que la ex presidenta Cristina Kirchner defini\u00f3 como \u00abPoncio Pilatos\u00bb y \u00abJudas\u00bb al mandatario bonaerense, Axel Kicillof, por no apoyarla en la compulsa interna.<\/p>\n\n\n\n<p>La ex mandataria se manifest\u00f1o en estos duros t\u00e9rminos durante una reuni\u00f3n que se llev\u00f3 a cabo por la tarde en la sede del SMATA del barrio porte\u00f1o de San Telmo, y que se extendi\u00f3 durante m\u00e1s de cuatro horas.<\/p>\n","protected":false},"excerpt":{"rendered":"<p>La intendenta de Quilmes, Mayra Mendoza presentar&aacute; el lunes junto al Sindicato de Mec&aacute;nicos y Afines del Transporte Automotor (SMATA) la mesa &laquo;Cristina Presidenta&raquo;, lo har&aacute; en medio de la interna para conducir el Partido Justicialista (PJ) a nivel nacional. Si bien en las &uacute;ltimas horas se dieron versiones period&iacute;sticas que indicaba que la ex [&hellip;]<\/p>\n","protected":false},"author":2,"featured_media":8604,"comment_status":"open","ping_status":"open","sticky":false,"template":"","format":"standard","meta":{"footnotes":""},"categories":[5,176],"tags":[709,3879,3877,304,3878],"class_list":["post-8603","post","type-post","status-publish","format-standard","has-post-thumbnail","hentry","category-nacionales","category-politica","tag-acto","tag-cristina-presidenta","tag-mayra-mendoza","tag-mesa","tag-smata"],"_links":{"self":[{"href":"https:\/\/partediario.com.ar\/index.php?rest_route=\/wp\/v2\/posts\/8603","targetHints":{"allow":["GET"]}}],"collection":[{"href":"https:\/\/partediario.com.ar\/index.php?rest_route=\/wp\/v2\/posts"}],"about":[{"href":"https:\/\/partediario.com.ar\/index.php?rest_route=\/wp\/v2\/types\/post"}],"author":[{"embeddable":true,"href":"https:\/\/partediario.com.ar\/index.php?rest_route=\/wp\/v2\/users\/2"}],"replies":[{"embeddable":true,"href":"https:\/\/partediario.com.ar\/index.php?rest_route=%2Fwp%2Fv2%2Fcomments&post=8603"}],"version-history":[{"count":1,"href":"https:\/\/partediario.com.ar\/index.php?rest_route=\/wp\/v2\/posts\/8603\/revisions"}],"predecessor-version":[{"id":8605,"href":"https:\/\/partediario.com.ar\/index.php?rest_route=\/wp\/v2\/posts\/8603\/revisions\/8605"}],"wp:featuredmedia":[{"embeddable":true,"href":"https:\/\/partediario.com.ar\/index.php?rest_route=\/wp\/v2\/media\/8604"}],"wp:attachment":[{"href":"https:\/\/partediario.com.ar\/index.php?rest_route=%2Fwp%2Fv2%2Fmedia&parent=8603"}],"wp:term":[{"taxonomy":"category","embeddable":true,"href":"https:\/\/partediario.com.ar\/index.php?rest_route=%2Fwp%2Fv2%2Fcategories&post=8603"},{"taxonomy":"post_tag","embeddable":true,"href":"https:\/\/partediario.com.ar\/index.php?rest_route=%2Fwp%2Fv2%2Ftags&post=8603"}],"curies":[{"name":"wp","href":"https:\/\/api.w.org\/{rel}","templated":true}]}}