{"id":8606,"date":"2024-10-19T19:03:55","date_gmt":"2024-10-19T22:03:55","guid":{"rendered":"https:\/\/partediario.com.ar\/?p=8606"},"modified":"2024-10-20T11:41:00","modified_gmt":"2024-10-20T14:41:00","slug":"encontremos-la-unidad-y-dejemos-de-reproducir-las-metodologias-que-nos-trajeron-hasta-aca-expreso-kicillof","status":"publish","type":"post","link":"https:\/\/partediario.com.ar\/?p=8606","title":{"rendered":"\u00abEncontremos la unidad y dejemos de reproducir las metodolog\u00edas que nos trajeron hasta ac\u00e1\u00bb, expres\u00f3 Kicillof"},"content":{"rendered":"\n<h3 class=\"wp-block-heading\">\u00abQue nadie espere de m\u00ed que libre una guerra interna, la historia no nos lo perdonar\u00eda y el futuro tampoco\u00bb, afirm\u00f3 el gobernador bonaerense en medio del fuego de una interna que no para de escalar.<\/h3>\n\n\n\n<p>El gobernador bonaerense Axel Kicillof pidi\u00f3 hoy la \u00abunidad\u00bb en el peronismo en medio de la interna por la conducci\u00f3n del Partido Justicialista (PJ) nacional e inst\u00f3 a dejar de \u00abreproducir\u00bb las \u00abmetodolog\u00edas y conductas\u00bb que los llevaron a este presente.<\/p>\n\n\n\n<p>\u00abEncontremos la unidad y dejemos de reproducir metodolog\u00edas y conductas que nos trajeron hasta ac\u00e1\u00bb, se\u00f1al\u00f3 Kicillof en medio de la disputa por el futuro del peronismo.<\/p>\n\n\n\n<p>Asimismo, el mandatario provincial manifest\u00f3: \u00abQue nadie espere de m\u00ed que libre una guerra interna, la historia no nos lo perdonar\u00eda y el futuro tampoco. Cristina est\u00e1 en el coraz\u00f3n del pueblo, tambi\u00e9n en el m\u00edo y no tengo que rendir examen de ese sentimiento\u00bb, apunt\u00f3.<\/p>\n","protected":false},"excerpt":{"rendered":"<p>&laquo;Que nadie espere de m&iacute; que libre una guerra interna, la historia no nos lo perdonar&iacute;a y el futuro tampoco&raquo;, afirm&oacute; el gobernador bonaerense en medio del fuego de una interna que no para de escalar. El gobernador bonaerense Axel Kicillof pidi&oacute; hoy la &laquo;unidad&raquo; en el peronismo en medio de la interna por la [&hellip;]<\/p>\n","protected":false},"author":2,"featured_media":8607,"comment_status":"open","ping_status":"open","sticky":false,"template":"","format":"standard","meta":{"footnotes":""},"categories":[5,176],"tags":[1112,518,3515],"class_list":["post-8606","post","type-post","status-publish","format-standard","has-post-thumbnail","hentry","category-nacionales","category-politica","tag-axel-kicillof","tag-cristina-kirchner","tag-interna"],"_links":{"self":[{"href":"https:\/\/partediario.com.ar\/index.php?rest_route=\/wp\/v2\/posts\/8606","targetHints":{"allow":["GET"]}}],"collection":[{"href":"https:\/\/partediario.com.ar\/index.php?rest_route=\/wp\/v2\/posts"}],"about":[{"href":"https:\/\/partediario.com.ar\/index.php?rest_route=\/wp\/v2\/types\/post"}],"author":[{"embeddable":true,"href":"https:\/\/partediario.com.ar\/index.php?rest_route=\/wp\/v2\/users\/2"}],"replies":[{"embeddable":true,"href":"https:\/\/partediario.com.ar\/index.php?rest_route=%2Fwp%2Fv2%2Fcomments&post=8606"}],"version-history":[{"count":1,"href":"https:\/\/partediario.com.ar\/index.php?rest_route=\/wp\/v2\/posts\/8606\/revisions"}],"predecessor-version":[{"id":8608,"href":"https:\/\/partediario.com.ar\/index.php?rest_route=\/wp\/v2\/posts\/8606\/revisions\/8608"}],"wp:featuredmedia":[{"embeddable":true,"href":"https:\/\/partediario.com.ar\/index.php?rest_route=\/wp\/v2\/media\/8607"}],"wp:attachment":[{"href":"https:\/\/partediario.com.ar\/index.php?rest_route=%2Fwp%2Fv2%2Fmedia&parent=8606"}],"wp:term":[{"taxonomy":"category","embeddable":true,"href":"https:\/\/partediario.com.ar\/index.php?rest_route=%2Fwp%2Fv2%2Fcategories&post=8606"},{"taxonomy":"post_tag","embeddable":true,"href":"https:\/\/partediario.com.ar\/index.php?rest_route=%2Fwp%2Fv2%2Ftags&post=8606"}],"curies":[{"name":"wp","href":"https:\/\/api.w.org\/{rel}","templated":true}]}}