{"id":8619,"date":"2024-10-20T11:27:05","date_gmt":"2024-10-20T14:27:05","guid":{"rendered":"https:\/\/partediario.com.ar\/?p=8619"},"modified":"2024-10-21T13:06:24","modified_gmt":"2024-10-21T16:06:24","slug":"cristina-kirchner-dio-a-conocer-su-lista-para-competir-por-el-consejo-nacional-del-pj","status":"publish","type":"post","link":"https:\/\/partediario.com.ar\/?p=8619","title":{"rendered":"Cristina Kirchner dio a conocer su lista para competir por el Consejo Nacional del PJ"},"content":{"rendered":"\n<h3 class=\"wp-block-heading\">La ex presidenta Cristina Kirchner, cerr\u00f3 la lista para disputar los cargos del Consejo Nacional del PJ, con ella como figura a candidata del partido pol\u00edtico que representa a la oposici\u00f3n.<\/h3>\n\n\n\n<p>El plazo para presentar las listas de candidatos a la elecci\u00f3n interna que est\u00e1 prevista para el 17 de noviembre venci\u00f3 esta medianoche. Antes de esa hora, los apoderados de las dos listas, Primero la Patria y Federales deb\u00edan acudir a la sede del PJ nacional para anotarse y recibir la autorizaci\u00f3n de la junta electoral.<\/p>\n\n\n\n<p>Las apoderadas de Cristina Kirchner, Mar\u00eda Teresa Garc\u00eda y Anabel Fern\u00e1ndez Sagasti se presentaron en Matheu 130, lugar de la hist\u00f3rica sede nacional. Lo hicieron en los \u00faltimos minutos de la medianoche, al igual que los representantes de Ricardo Quintela, Jorge Yoma y Daniel Llermanos.<\/p>\n\n\n\n<p><\/p>\n\n\n\n<figure class=\"wp-block-image size-full\"><img loading=\"lazy\" decoding=\"async\" width=\"602\" height=\"720\" src=\"https:\/\/partediario.com.ar\/wp-content\/uploads\/CFK.webp\" alt=\"\" class=\"wp-image-8620\" srcset=\"https:\/\/partediario.com.ar\/wp-content\/uploads\/CFK.webp 602w, https:\/\/partediario.com.ar\/wp-content\/uploads\/CFK-251x300.webp 251w\" sizes=\"auto, (max-width: 602px) 100vw, 602px\" \/><\/figure>\n\n\n\n<p><\/p>\n\n\n\n<p>Tanto el exsenador riojano como el exjuez forman parte de la mesa chica de Quintela. En la n\u00f3mina ya tienen un lugar asegurado el exgobernador puntano Alberto Rodr\u00edguez Sa\u00e1 y la dirigente chaque\u00f1a Mariana Ayala.<\/p>\n\n\n\n<p>Cristina Kirchner ya hab\u00eda definido ayer qui\u00e9nes ser\u00e1n los cinco vicepresidentes que la acompa\u00f1ar\u00e1n en la conducci\u00f3n partidaria: Jos\u00e9 Mayans, titular del interbloque del peronismo en el Senado; Luc\u00eda Corpacci, senadora y titular del PJ de Catamarca; Germ\u00e1n Mart\u00ednez, jefe del bloque en la C\u00e1mara de Diputados; Mariel Fern\u00e1ndez, intendenta de Moreno; y Ricardo Pignanelli, secretario general de Smata.<\/p>\n\n\n\n<p>Entre los candidatos a consejeros titulares del PJ nacional que van en la lista de Cristina Kirchner se encuentran Sonia Alesso, Juan Manzur, Eduardo de Pedro, Abel Furl\u00e1n, V\u00edctor Santa Mar\u00eda, Juan Manuel Olmos, Sergio U\u00f1ac, Agust\u00edn Rossi, Felipe Sol\u00e1, Gustavo Men\u00e9ndez, Jos\u00e9 Neder y Anabel Fern\u00e1ndez Sagasti.<\/p>\n\n\n\n<p>Tambi\u00e9n forman parte de la n\u00f3mina Daniel Catalano, Guillermo Moser, Raquel Kelly Olmos, Norberto di Pr\u00f3spero, Pablo Yedlin, Juli\u00e1n Dom\u00ednguez, Jos\u00e9 Luis Gioja, Mar\u00eda Emilia Soria, Leonardo Nardini, Federico Susbielles, Antonio Rodas, Federico Otermin, Agustina Propato y Carlos Linares, entre otros.<\/p>\n\n\n\n<p>Cabe se\u00f1alar que hasta el martes se podr\u00e1n hacer las impugnaciones y el viernes que se oficializar\u00e1s las candidaturas, de acuerdo al cronograma electoral interno.<\/p>\n","protected":false},"excerpt":{"rendered":"<p>La ex presidenta Cristina Kirchner, cerr&oacute; la lista para disputar los cargos del Consejo Nacional del PJ, con ella como figura a candidata del partido pol&iacute;tico que representa a la oposici&oacute;n. El plazo para presentar las listas de candidatos a la elecci&oacute;n interna que est&aacute; prevista para el 17 de noviembre venci&oacute; esta medianoche. Antes [&hellip;]<\/p>\n","protected":false},"author":2,"featured_media":8621,"comment_status":"open","ping_status":"open","sticky":false,"template":"","format":"standard","meta":{"footnotes":""},"categories":[5,176],"tags":[3537,3889,1725,295],"class_list":["post-8619","post","type-post","status-publish","format-standard","has-post-thumbnail","hentry","category-nacionales","category-politica","tag-cristina-kichner","tag-lista","tag-nacional","tag-pj"],"_links":{"self":[{"href":"https:\/\/partediario.com.ar\/index.php?rest_route=\/wp\/v2\/posts\/8619","targetHints":{"allow":["GET"]}}],"collection":[{"href":"https:\/\/partediario.com.ar\/index.php?rest_route=\/wp\/v2\/posts"}],"about":[{"href":"https:\/\/partediario.com.ar\/index.php?rest_route=\/wp\/v2\/types\/post"}],"author":[{"embeddable":true,"href":"https:\/\/partediario.com.ar\/index.php?rest_route=\/wp\/v2\/users\/2"}],"replies":[{"embeddable":true,"href":"https:\/\/partediario.com.ar\/index.php?rest_route=%2Fwp%2Fv2%2Fcomments&post=8619"}],"version-history":[{"count":1,"href":"https:\/\/partediario.com.ar\/index.php?rest_route=\/wp\/v2\/posts\/8619\/revisions"}],"predecessor-version":[{"id":8622,"href":"https:\/\/partediario.com.ar\/index.php?rest_route=\/wp\/v2\/posts\/8619\/revisions\/8622"}],"wp:featuredmedia":[{"embeddable":true,"href":"https:\/\/partediario.com.ar\/index.php?rest_route=\/wp\/v2\/media\/8621"}],"wp:attachment":[{"href":"https:\/\/partediario.com.ar\/index.php?rest_route=%2Fwp%2Fv2%2Fmedia&parent=8619"}],"wp:term":[{"taxonomy":"category","embeddable":true,"href":"https:\/\/partediario.com.ar\/index.php?rest_route=%2Fwp%2Fv2%2Fcategories&post=8619"},{"taxonomy":"post_tag","embeddable":true,"href":"https:\/\/partediario.com.ar\/index.php?rest_route=%2Fwp%2Fv2%2Ftags&post=8619"}],"curies":[{"name":"wp","href":"https:\/\/api.w.org\/{rel}","templated":true}]}}