{"id":8623,"date":"2024-10-20T11:34:03","date_gmt":"2024-10-20T14:34:03","guid":{"rendered":"https:\/\/partediario.com.ar\/?p=8623"},"modified":"2024-10-21T13:06:16","modified_gmt":"2024-10-21T16:06:16","slug":"ricardo-quintela-presento-su-lista-para-disputar-la-presidencia-del-pj-a-cristina-kirchner","status":"publish","type":"post","link":"https:\/\/partediario.com.ar\/?p=8623","title":{"rendered":"Ricardo Quintela present\u00f3 su lista para disputar la presidencia del PJ a Cristina Kirchner"},"content":{"rendered":"\n<h3 class=\"wp-block-heading\">El gobernador de La Rioja, Ricardo Quintela, oficializ\u00f3 los nombres que lo acompa\u00f1ar\u00e1n en busca de la presidencia del PJ y entre los nombres m\u00e1s destacados que la integran, figura el de Alberto Rodr\u00edguez Saa, exgobernador de San Luis.<\/h3>\n\n\n\n<p>Pasado el frustrado encuentro con Cristina Kirchner, y poco antes de la medianoche, Quintela present\u00f3 su lista para enfrentar a la expresidenta en las elecciones por la presidencia del PJ.<\/p>\n\n\n\n<p><\/p>\n\n\n\n<figure class=\"wp-block-image size-full\"><img loading=\"lazy\" decoding=\"async\" width=\"860\" height=\"891\" src=\"https:\/\/partediario.com.ar\/wp-content\/uploads\/WhatsApp-Image-2024-10-20-at-00.07.26-1.jpeg\" alt=\"\" class=\"wp-image-8624\" srcset=\"https:\/\/partediario.com.ar\/wp-content\/uploads\/WhatsApp-Image-2024-10-20-at-00.07.26-1.jpeg 860w, https:\/\/partediario.com.ar\/wp-content\/uploads\/WhatsApp-Image-2024-10-20-at-00.07.26-1-290x300.jpeg 290w, https:\/\/partediario.com.ar\/wp-content\/uploads\/WhatsApp-Image-2024-10-20-at-00.07.26-1-768x796.jpeg 768w\" sizes=\"auto, (max-width: 860px) 100vw, 860px\" \/><\/figure>\n\n\n\n<p><\/p>\n\n\n\n<p>Entre los primeros nombres que trascendieron, est\u00e1 Magda Ayala, intendenta de la ciudad chaque\u00f1a de Barranqueras, quien ir\u00e1 como vicepresidenta 1\u00b0. Para el cargo de vicepresidente 2\u00b0 figura Alberto Rodr\u00edguez Saa, el exgobernador de San Luis.<\/p>\n\n\n\n<p>Tambi\u00e9n figuran Mariana Gadea, como vicepresidenta 3\u00b0, de la Secretaria Gremial UPCN de la Ciudad de Buenos Aires; Roque \u00c1lvarez, para vicepresidente 4\u00b0, quien es el actual presidente del Bloque Peronista de la Legislatura Provincial de Tucum\u00e1n. Adem\u00e1s, est\u00e1 Alba S\u00e1nchez, intendenta de La Vi\u00f1a, en Salta, como vicepresidenta 5\u00b0.<\/p>\n\n\n\n<p>\u201cQueremos armar una propuesta con cuatro, cinco personas conocidas y el resto que sea gente nueva. Queremos una representaci\u00f3n lo m\u00e1s federal posible. Los \u00faltimos cuatro presidentes fueron de Capital Federal\u201d, manifest\u00f3 el gobernador de La Rioja previamente a la oficializaci\u00f3n de los nombres que lo acompa\u00f1ar\u00e1n en su prop\u00f3sito de disputarle a Cristina Kirchner el liderazgo del peronismo.<\/p>\n","protected":false},"excerpt":{"rendered":"<p>El gobernador de La Rioja, Ricardo Quintela, oficializ&oacute; los nombres que lo acompa&ntilde;ar&aacute;n en busca de la presidencia del PJ y entre los nombres m&aacute;s destacados que la integran, figura el de Alberto Rodr&iacute;guez Saa, exgobernador de San Luis. Pasado el frustrado encuentro con Cristina Kirchner, y poco antes de la medianoche, Quintela present&oacute; su [&hellip;]<\/p>\n","protected":false},"author":2,"featured_media":8625,"comment_status":"open","ping_status":"open","sticky":false,"template":"","format":"standard","meta":{"footnotes":""},"categories":[5,176],"tags":[3889,3890,2816],"class_list":["post-8623","post","type-post","status-publish","format-standard","has-post-thumbnail","hentry","category-nacionales","category-politica","tag-lista","tag-pj-nacional","tag-ricardo-quintela"],"_links":{"self":[{"href":"https:\/\/partediario.com.ar\/index.php?rest_route=\/wp\/v2\/posts\/8623","targetHints":{"allow":["GET"]}}],"collection":[{"href":"https:\/\/partediario.com.ar\/index.php?rest_route=\/wp\/v2\/posts"}],"about":[{"href":"https:\/\/partediario.com.ar\/index.php?rest_route=\/wp\/v2\/types\/post"}],"author":[{"embeddable":true,"href":"https:\/\/partediario.com.ar\/index.php?rest_route=\/wp\/v2\/users\/2"}],"replies":[{"embeddable":true,"href":"https:\/\/partediario.com.ar\/index.php?rest_route=%2Fwp%2Fv2%2Fcomments&post=8623"}],"version-history":[{"count":1,"href":"https:\/\/partediario.com.ar\/index.php?rest_route=\/wp\/v2\/posts\/8623\/revisions"}],"predecessor-version":[{"id":8626,"href":"https:\/\/partediario.com.ar\/index.php?rest_route=\/wp\/v2\/posts\/8623\/revisions\/8626"}],"wp:featuredmedia":[{"embeddable":true,"href":"https:\/\/partediario.com.ar\/index.php?rest_route=\/wp\/v2\/media\/8625"}],"wp:attachment":[{"href":"https:\/\/partediario.com.ar\/index.php?rest_route=%2Fwp%2Fv2%2Fmedia&parent=8623"}],"wp:term":[{"taxonomy":"category","embeddable":true,"href":"https:\/\/partediario.com.ar\/index.php?rest_route=%2Fwp%2Fv2%2Fcategories&post=8623"},{"taxonomy":"post_tag","embeddable":true,"href":"https:\/\/partediario.com.ar\/index.php?rest_route=%2Fwp%2Fv2%2Ftags&post=8623"}],"curies":[{"name":"wp","href":"https:\/\/api.w.org\/{rel}","templated":true}]}}