{"id":8627,"date":"2024-10-20T11:40:39","date_gmt":"2024-10-20T14:40:39","guid":{"rendered":"https:\/\/partediario.com.ar\/?p=8627"},"modified":"2024-10-21T13:06:12","modified_gmt":"2024-10-21T16:06:12","slug":"villarruel-tuvo-que-cerrar-el-jardin-maternal-y-licenciar-a-los-padres","status":"publish","type":"post","link":"https:\/\/partediario.com.ar\/?p=8627","title":{"rendered":"Villarruel tuvo que cerrar el Jard\u00edn Maternal y licenciar a los padres"},"content":{"rendered":"\n<h3 class=\"wp-block-heading\">El Jard\u00edn del Bosque lo puso en marcha Boudou en 2015, tras la revisi\u00f3n actual se detectaron \u00abirregularidades estructurales\u00bb, indicando que \u00abponen en riesgo la vida\u00bb de ni\u00f1os y docentes, situaci\u00f3n que oblig\u00f3 a Villarruel a disponer la \u00absuspensi\u00f3n temporal\u00bb del lugar.<\/h3>\n\n\n\n<p>El \u00abJard\u00edn del Bosque\u00bb es un \u00e1rea de aprendizaje y cuidado para los hijos del personal del Senado, inaugurado por el entonces vicepresidente Amado Boudou en 2015. Tras pasar por diversas, y pol\u00e9micas situaciones, en principio los padres que mandaban sus hijos a ese Jard\u00edn deb\u00edan pagar parte de su sueldo por los costos, posterioemente eso lo dej\u00f3 sin efecto Cristina Kirchner, y en alg\u00fan momento hubo hasta algunas cuestiones vinculadas a docentes, sin embargo una revisi\u00f3n en los \u00faltimos d\u00edas detect\u00f3 que tanto los chicos como el personal \u00abest\u00e1 en riesgo\u00bb por las condiciones edilicias del lugar, situaci\u00f3n que deriv\u00f3 en su \u00abcierre temporal\u00bb.<\/p>\n\n\n\n<p><\/p>\n\n\n\n<figure class=\"wp-block-image size-full\"><img loading=\"lazy\" decoding=\"async\" width=\"681\" height=\"449\" src=\"https:\/\/partediario.com.ar\/wp-content\/uploads\/scrnli_8Ms275SGDOVZ06.png\" alt=\"\" class=\"wp-image-8628\" srcset=\"https:\/\/partediario.com.ar\/wp-content\/uploads\/scrnli_8Ms275SGDOVZ06.png 681w, https:\/\/partediario.com.ar\/wp-content\/uploads\/scrnli_8Ms275SGDOVZ06-300x198.png 300w\" sizes=\"auto, (max-width: 681px) 100vw, 681px\" \/><\/figure>\n\n\n\n<p><\/p>\n\n\n\n<p>La vicepresidenta y titular del Senado, Victoria Villarruel, fue la encargada de firmar esa disposici\u00f3n en la que se ordena \u00abla suspensi\u00f3n temporal\u00bb de la actividad del Jard\u00edn de la C\u00e1mara alta, ante el informe de \u00abirregularidades estructurales que ponen en riesgo la vida de los ni\u00f1os y el personal\u00bb, seg\u00fan detallaron los especialistas encargados de la revisi\u00f3n, pertenecientes a la Direcci\u00f3n de Obras y Mantenimiento, adem\u00e1s de la Direcci\u00f3n General de Fiscalizaci\u00f3n y Control de Obras de la Agencia Gubernamental de Control del Gobierno de la Ciudad.<\/p>\n\n\n\n<p>En el comunicado se se\u00f1al\u00f3 que el Jard\u00edn no cumple actualmente con las normas que impone de la \u00abUnidad Ejecutora de Escuelas Seguras\u00bb, y con ese laudo a Villarruel no le quedaban m\u00e1s alternativas que el cierre en un momento del a\u00f1o en que la actividad docente ya apunta a sus \u00faltimas semanas de actividad.<\/p>\n\n\n\n<p>Entre las irregularidades que se desprenden del informe, que lleg\u00f3 a manos de Villarruel se indican \u00abd\u00e9ficits en el plano de instalaciones contra posibles incendios; no cumple con el Plan de autoprotecci\u00f3n; el edificio es compartido y se requiere independizar el funcionamiento de los diferentes usos\u00bb.<\/p>\n\n\n\n<p>Adem\u00e1s, en el mismo texto Villarruel otorg\u00f3 a los 72 padres de los chicos que concurr\u00edan a ese Jard\u00edn una \u00ablicencia especial hasta el 31 de diciembre de este a\u00f1o\u00bb. Con ese cuadro, ahora el siguiente paso lo deber\u00e1 dar la Direcci\u00f3n General de Administraci\u00f3n del Senado, encargada de ver c\u00f3mo se solucionan los problemas detectados, para que el lugar retome su ritmo habitual.<\/p>\n","protected":false},"excerpt":{"rendered":"<p>El Jard&iacute;n del Bosque lo puso en marcha Boudou en 2015, tras la revisi&oacute;n actual se detectaron &laquo;irregularidades estructurales&raquo;, indicando que &laquo;ponen en riesgo la vida&raquo; de ni&ntilde;os y docentes, situaci&oacute;n que oblig&oacute; a Villarruel a disponer la &laquo;suspensi&oacute;n temporal&raquo; del lugar. El &laquo;Jard&iacute;n del Bosque&raquo; es un &aacute;rea de aprendizaje y cuidado para los [&hellip;]<\/p>\n","protected":false},"author":2,"featured_media":8629,"comment_status":"open","ping_status":"open","sticky":false,"template":"","format":"standard","meta":{"footnotes":""},"categories":[5,726],"tags":[1379,3894,3893,230,3892,3891],"class_list":["post-8627","post","type-post","status-publish","format-standard","has-post-thumbnail","hentry","category-nacionales","category-sociedad","tag-cierre","tag-infantes","tag-jardin","tag-senado","tag-temporario","tag-vctoria-villarruel"],"_links":{"self":[{"href":"https:\/\/partediario.com.ar\/index.php?rest_route=\/wp\/v2\/posts\/8627","targetHints":{"allow":["GET"]}}],"collection":[{"href":"https:\/\/partediario.com.ar\/index.php?rest_route=\/wp\/v2\/posts"}],"about":[{"href":"https:\/\/partediario.com.ar\/index.php?rest_route=\/wp\/v2\/types\/post"}],"author":[{"embeddable":true,"href":"https:\/\/partediario.com.ar\/index.php?rest_route=\/wp\/v2\/users\/2"}],"replies":[{"embeddable":true,"href":"https:\/\/partediario.com.ar\/index.php?rest_route=%2Fwp%2Fv2%2Fcomments&post=8627"}],"version-history":[{"count":1,"href":"https:\/\/partediario.com.ar\/index.php?rest_route=\/wp\/v2\/posts\/8627\/revisions"}],"predecessor-version":[{"id":8630,"href":"https:\/\/partediario.com.ar\/index.php?rest_route=\/wp\/v2\/posts\/8627\/revisions\/8630"}],"wp:featuredmedia":[{"embeddable":true,"href":"https:\/\/partediario.com.ar\/index.php?rest_route=\/wp\/v2\/media\/8629"}],"wp:attachment":[{"href":"https:\/\/partediario.com.ar\/index.php?rest_route=%2Fwp%2Fv2%2Fmedia&parent=8627"}],"wp:term":[{"taxonomy":"category","embeddable":true,"href":"https:\/\/partediario.com.ar\/index.php?rest_route=%2Fwp%2Fv2%2Fcategories&post=8627"},{"taxonomy":"post_tag","embeddable":true,"href":"https:\/\/partediario.com.ar\/index.php?rest_route=%2Fwp%2Fv2%2Ftags&post=8627"}],"curies":[{"name":"wp","href":"https:\/\/api.w.org\/{rel}","templated":true}]}}