{"id":8631,"date":"2024-10-20T12:45:39","date_gmt":"2024-10-20T15:45:39","guid":{"rendered":"https:\/\/partediario.com.ar\/?p=8631"},"modified":"2024-10-20T12:45:40","modified_gmt":"2024-10-20T15:45:40","slug":"una-delegacion-local-asistira-al-plenario-del-gafi-en-paris-para-interiorizarse-del-resultado-de-la-revision-del-organismo","status":"publish","type":"post","link":"https:\/\/partediario.com.ar\/?p=8631","title":{"rendered":"Una delegaci\u00f3n local asistir\u00e1 al plenario del GAFI en Paris para interiorizarse del resultado de la revisi\u00f3n del organismo"},"content":{"rendered":"\n<h3 class=\"wp-block-heading\">Tras un extenso proceso de evaluaci\u00f3n, el Grupo de Acci\u00f3n Financiera Internacional (GAFI) dar\u00e1 a conocer esta semana en Paris el Reporte de Evaluaci\u00f3n Mutua de la Argentina. El jueves 24, informar\u00e1n los resultados del desempe\u00f1o de la Argentina en materia de la lucha contra el lavado de dinero y el terrorismo.<\/h3>\n\n\n\n<p>Una comitiva de representantes de la Argentina, asistir\u00e1 a Paris a conocer el informe del proceso de revisi\u00f3n que abarca al gobierno de Alberto Fern\u00e1ndez y tres meses de la gesti\u00f3n libertaria.<\/p>\n\n\n\n<p>De este modo, se anunciar\u00e1 si el pa\u00eds integra o no la \u201clista gris\u201d, junto con Venezuela y Hait\u00ed, compuesta por los pa\u00edses que est\u00e1n trabajando activamente con el organismo para abordar sus deficiencias estrat\u00e9gicas en plazos acordados.<\/p>\n\n\n\n<p>Encabezados por el ministro de Justicia, Mariano C\u00faneo Libarona, integrar\u00e1n la comitiva que viajar\u00e1 a Francia, el secretario de Justicia, Sebasti\u00e1n Amerio; el titular de la Unidad de Informaci\u00f3n Financiera (UIF), Ignacio Yacobucci, entre otros.<\/p>\n\n\n\n<p>La Corte Suprema de Justicia design\u00f3 a Juan Tom\u00e1s Rodr\u00edguez Ponte, director ejecutivo de la Direcci\u00f3n de Asistencia Judicial en Delitos Complejos y Crimen Organizado, para estar presente en el plenario que se realizar\u00e1 entre el 21 y 25 de octubre.<\/p>\n\n\n\n<p>El proceso de revisi\u00f3n del organismo comenz\u00f3 en septiembre del 2023, lo que implic\u00f3 que los representantes del GAFI permanecieran algunas semanas en el pa\u00eds, con reuniones con los tres poderes del Estado y el sector privado para evaluar el desempe\u00f1o de la Argentina en materia de lucha contra el lavado de dinero y el terrorismo.<\/p>\n\n\n\n<p>Desde el M\u00e1ximo Tribunal subrayan el aporte realizado como una labor \u201cfundamental para todo el proceso de evaluaci\u00f3n\u201d que \u201cdemuestra el compromiso del Poder Judicial de la Naci\u00f3n, a trav\u00e9s de sus m\u00e1ximas autoridades, en la prevenci\u00f3n y combate al lavado de activos, el financiamiento del terrorismo y la proliferaci\u00f3n de armas de destrucci\u00f3n masiva\u201d.<\/p>\n","protected":false},"excerpt":{"rendered":"<p>Tras un extenso proceso de evaluaci&oacute;n, el Grupo de Acci&oacute;n Financiera Internacional (GAFI) dar&aacute; a conocer esta semana en Paris el Reporte de Evaluaci&oacute;n Mutua de la Argentina. El jueves 24, informar&aacute;n los resultados del desempe&ntilde;o de la Argentina en materia de la lucha contra el lavado de dinero y el terrorismo. Una comitiva de [&hellip;]<\/p>\n","protected":false},"author":2,"featured_media":8632,"comment_status":"open","ping_status":"open","sticky":false,"template":"","format":"standard","meta":{"footnotes":""},"categories":[5,176],"tags":[411,3896,3895,1270],"class_list":["post-8631","post","type-post","status-publish","format-standard","has-post-thumbnail","hentry","category-nacionales","category-politica","tag-argentina","tag-delegacion","tag-gafi","tag-mariano-cuneo-libarona"],"_links":{"self":[{"href":"https:\/\/partediario.com.ar\/index.php?rest_route=\/wp\/v2\/posts\/8631","targetHints":{"allow":["GET"]}}],"collection":[{"href":"https:\/\/partediario.com.ar\/index.php?rest_route=\/wp\/v2\/posts"}],"about":[{"href":"https:\/\/partediario.com.ar\/index.php?rest_route=\/wp\/v2\/types\/post"}],"author":[{"embeddable":true,"href":"https:\/\/partediario.com.ar\/index.php?rest_route=\/wp\/v2\/users\/2"}],"replies":[{"embeddable":true,"href":"https:\/\/partediario.com.ar\/index.php?rest_route=%2Fwp%2Fv2%2Fcomments&post=8631"}],"version-history":[{"count":1,"href":"https:\/\/partediario.com.ar\/index.php?rest_route=\/wp\/v2\/posts\/8631\/revisions"}],"predecessor-version":[{"id":8633,"href":"https:\/\/partediario.com.ar\/index.php?rest_route=\/wp\/v2\/posts\/8631\/revisions\/8633"}],"wp:featuredmedia":[{"embeddable":true,"href":"https:\/\/partediario.com.ar\/index.php?rest_route=\/wp\/v2\/media\/8632"}],"wp:attachment":[{"href":"https:\/\/partediario.com.ar\/index.php?rest_route=%2Fwp%2Fv2%2Fmedia&parent=8631"}],"wp:term":[{"taxonomy":"category","embeddable":true,"href":"https:\/\/partediario.com.ar\/index.php?rest_route=%2Fwp%2Fv2%2Fcategories&post=8631"},{"taxonomy":"post_tag","embeddable":true,"href":"https:\/\/partediario.com.ar\/index.php?rest_route=%2Fwp%2Fv2%2Ftags&post=8631"}],"curies":[{"name":"wp","href":"https:\/\/api.w.org\/{rel}","templated":true}]}}