{"id":8634,"date":"2024-10-20T14:08:28","date_gmt":"2024-10-20T17:08:28","guid":{"rendered":"https:\/\/partediario.com.ar\/?p=8634"},"modified":"2024-10-20T14:08:29","modified_gmt":"2024-10-20T17:08:29","slug":"jujuy-adquirio-10-moviles-para-fortalecer-la-logistica-en-el-ministerio-de-educacion","status":"publish","type":"post","link":"https:\/\/partediario.com.ar\/?p=8634","title":{"rendered":"Jujuy adquiri\u00f3 10 m\u00f3viles para fortalecer la log\u00edstica en el Ministerio de Educaci\u00f3n"},"content":{"rendered":"\n<h3 class=\"wp-block-heading\">El gobernador Carlos Sadir destin\u00f3 siete camionetas y tres utilitarios a la cartera educativa para potenciar la log\u00edstica y el trabajo en territorio. La adquisici\u00f3n se realiz\u00f3 con fondos del PROMACE (Programa de Mejora del Acceso y la Calidad Educativa).<\/h3>\n\n\n\n<p>El mandatario provincial encabez\u00f3 el acto de entrega de llaves en compa\u00f1\u00eda de la ministra de Educaci\u00f3n de la provincia, Miriam Serrano.<\/p>\n\n\n\n<p><\/p>\n\n\n\n<figure class=\"wp-block-image size-large\"><img loading=\"lazy\" decoding=\"async\" width=\"1024\" height=\"684\" src=\"https:\/\/partediario.com.ar\/wp-content\/uploads\/whatsapp-image-2024-10-14-at-20245-pmjpeg-1024x684.webp\" alt=\"\" class=\"wp-image-8635\" srcset=\"https:\/\/partediario.com.ar\/wp-content\/uploads\/whatsapp-image-2024-10-14-at-20245-pmjpeg-1024x684.webp 1024w, https:\/\/partediario.com.ar\/wp-content\/uploads\/whatsapp-image-2024-10-14-at-20245-pmjpeg-300x201.webp 300w, https:\/\/partediario.com.ar\/wp-content\/uploads\/whatsapp-image-2024-10-14-at-20245-pmjpeg-768x513.webp 768w, https:\/\/partediario.com.ar\/wp-content\/uploads\/whatsapp-image-2024-10-14-at-20245-pmjpeg.webp 1200w\" sizes=\"auto, (max-width: 1024px) 100vw, 1024px\" \/><\/figure>\n\n\n\n<p><\/p>\n\n\n\n<p>Las 7 pick ups y los 3 veh\u00edculos utilitarios fueron adquiridos por el Gobierno de la Provincia a trav\u00e9s del PROMACE, con fondos otorgados por el Banco Centroamericano de Integraci\u00f3n Econ\u00f3mica (BCIE) y financiados con la renta generada por la planta de energ\u00eda fotovoltaica Cauchari.<\/p>\n\n\n\n<p>Los m\u00f3viles mejorar\u00e1n significativamente la prestaci\u00f3n de servicios educativos en toda la provincia, facilitar\u00e1n la log\u00edstica de proyectos de infraestructura como la refacci\u00f3n de escuelas, supervisi\u00f3n de establecimiento educativos, la entrega de materiales did\u00e1cticos y la asistencia de los equipos t\u00e9cnicos a comunidades educativas situados en zonas remotas.<\/p>\n\n\n\n<p>La titular de la cartera educativa valor\u00f3 la incorporaci\u00f3n de los nuevos veh\u00edculos \u201cnecesarios para atender situaciones de infraestructura y administrativas en las escuelas de las distintas regiones educativas\u201d. Agreg\u00f3 que los veh\u00edculos fueron asignados a las secretar\u00edas y dependencias a fin de potenciar el trabajo en todo el territorio.<\/p>\n\n\n\n<p>Por \u00faltimo, remarc\u00f3 que \u201cla compra se hizo con fondos provinciales\u201d, lo que demuestra \u201cel esfuerzo que se est\u00e1 haciendo\u201d y \u201cla decisi\u00f3n de la provincia de invertir en educaci\u00f3n\u201d. Participaron de la ceremonia desarrollada en el predio del Complejo Ministerial, el secretario de Gesti\u00f3n Educativa, Federico Medrano; la secretaria de Planeamiento Estrat\u00e9gico Educativo, Natalia Garc\u00eda Goyena; la secretaria de Infraestructura Educativa, Mar\u00eda Victoria Mart\u00ednez Fascio; la secretaria de Cr\u00e9dito Educativo, Eugenia Mart\u00ednez Alvarado; y el secretario de Pol\u00edticas Socioeducativas, Julio Alarc\u00f3n, entre otros funcionarios y personal de Log\u00edstica.<\/p>\n\n\n\n<p><\/p>\n\n\n\n<figure class=\"wp-block-embed is-type-video is-provider-youtube wp-block-embed-youtube wp-embed-aspect-16-9 wp-has-aspect-ratio\"><div class=\"wp-block-embed__wrapper\">\n<iframe loading=\"lazy\" title=\"Nuevos veh\u00edculos para Educaci\u00f3n\" width=\"640\" height=\"360\" src=\"https:\/\/www.youtube.com\/embed\/YA-IN3jZ3lI?feature=oembed\" frameborder=\"0\" allow=\"accelerometer; autoplay; clipboard-write; encrypted-media; gyroscope; picture-in-picture; web-share\" referrerpolicy=\"strict-origin-when-cross-origin\" allowfullscreen><\/iframe>\n<\/div><\/figure>\n","protected":false},"excerpt":{"rendered":"<p>El gobernador Carlos Sadir destin&oacute; siete camionetas y tres utilitarios a la cartera educativa para potenciar la log&iacute;stica y el trabajo en territorio. La adquisici&oacute;n se realiz&oacute; con fondos del PROMACE (Programa de Mejora del Acceso y la Calidad Educativa). El mandatario provincial encabez&oacute; el acto de entrega de llaves en compa&ntilde;&iacute;a de la ministra [&hellip;]<\/p>\n","protected":false},"author":2,"featured_media":8636,"comment_status":"open","ping_status":"open","sticky":false,"template":"","format":"standard","meta":{"footnotes":""},"categories":[8],"tags":[2530,1281,753,3897,3899,3901,3898,3900],"class_list":["post-8634","post","type-post","status-publish","format-standard","has-post-thumbnail","hentry","category-provinciales","tag-carlos-sadir","tag-compra","tag-jujuy","tag-m","tag-ministerio-de-educacion","tag-miriam-serrano","tag-oviles","tag-promace"],"_links":{"self":[{"href":"https:\/\/partediario.com.ar\/index.php?rest_route=\/wp\/v2\/posts\/8634","targetHints":{"allow":["GET"]}}],"collection":[{"href":"https:\/\/partediario.com.ar\/index.php?rest_route=\/wp\/v2\/posts"}],"about":[{"href":"https:\/\/partediario.com.ar\/index.php?rest_route=\/wp\/v2\/types\/post"}],"author":[{"embeddable":true,"href":"https:\/\/partediario.com.ar\/index.php?rest_route=\/wp\/v2\/users\/2"}],"replies":[{"embeddable":true,"href":"https:\/\/partediario.com.ar\/index.php?rest_route=%2Fwp%2Fv2%2Fcomments&post=8634"}],"version-history":[{"count":1,"href":"https:\/\/partediario.com.ar\/index.php?rest_route=\/wp\/v2\/posts\/8634\/revisions"}],"predecessor-version":[{"id":8637,"href":"https:\/\/partediario.com.ar\/index.php?rest_route=\/wp\/v2\/posts\/8634\/revisions\/8637"}],"wp:featuredmedia":[{"embeddable":true,"href":"https:\/\/partediario.com.ar\/index.php?rest_route=\/wp\/v2\/media\/8636"}],"wp:attachment":[{"href":"https:\/\/partediario.com.ar\/index.php?rest_route=%2Fwp%2Fv2%2Fmedia&parent=8634"}],"wp:term":[{"taxonomy":"category","embeddable":true,"href":"https:\/\/partediario.com.ar\/index.php?rest_route=%2Fwp%2Fv2%2Fcategories&post=8634"},{"taxonomy":"post_tag","embeddable":true,"href":"https:\/\/partediario.com.ar\/index.php?rest_route=%2Fwp%2Fv2%2Ftags&post=8634"}],"curies":[{"name":"wp","href":"https:\/\/api.w.org\/{rel}","templated":true}]}}