{"id":8638,"date":"2024-10-20T22:34:38","date_gmt":"2024-10-21T01:34:38","guid":{"rendered":"https:\/\/partediario.com.ar\/?p=8638"},"modified":"2024-10-20T22:34:40","modified_gmt":"2024-10-21T01:34:40","slug":"encuentro-con-la-direccion-provincial-de-ambiente","status":"publish","type":"post","link":"https:\/\/partediario.com.ar\/?p=8638","title":{"rendered":"Encuentro con la Direcci\u00f3n Provincial de Ambiente"},"content":{"rendered":"\n<h3 class=\"wp-block-heading\">El Intendente Daniel Rossi, junto a la Senadora Departamental Patricia D\u00edaz, mantuvieron un encuentro de trabajo en la capital provincial con el Director de Ambiente del Gobierno de Entre R\u00edos, Lic. Maximiliano G\u00f3mez.<\/h3>\n\n\n\n<p>En la reuni\u00f3n se abordaron y evaluaron los distintos proyectos relacionados a la gesti\u00f3n ambiental en Santa Elena.<\/p>\n\n\n\n<p><\/p>\n\n\n\n<figure class=\"wp-block-image size-large\"><img loading=\"lazy\" decoding=\"async\" width=\"897\" height=\"1024\" src=\"https:\/\/partediario.com.ar\/wp-content\/uploads\/463458132_958373626334393_3597203123216897685_n-897x1024.jpg\" alt=\"\" class=\"wp-image-8639\" srcset=\"https:\/\/partediario.com.ar\/wp-content\/uploads\/463458132_958373626334393_3597203123216897685_n-897x1024.jpg 897w, https:\/\/partediario.com.ar\/wp-content\/uploads\/463458132_958373626334393_3597203123216897685_n-263x300.jpg 263w, https:\/\/partediario.com.ar\/wp-content\/uploads\/463458132_958373626334393_3597203123216897685_n-768x876.jpg 768w, https:\/\/partediario.com.ar\/wp-content\/uploads\/463458132_958373626334393_3597203123216897685_n.jpg 1176w\" sizes=\"auto, (max-width: 897px) 100vw, 897px\" \/><\/figure>\n\n\n\n<p><\/p>\n\n\n\n<p>\u00abEs nuestra intenci\u00f3n como Gobierno Municipal trabajar en la implementaci\u00f3n de la separaci\u00f3n y recolecci\u00f3n diferenciada de residuos, una propuesta que requiere del compromiso de toda la sociedad y que esperamos poder concretar pronto\u00bb destac\u00f3 el Jefe Comunal.<\/p>\n\n\n\n<p>Adem\u00e1s, se dialog\u00f3 sobre diferentes iniciativas y seguimiento de proyectos, como la posibilidad de crear un \u00c1rea de Ambiente con personal especializado en la ciudad.<\/p>\n","protected":false},"excerpt":{"rendered":"<p>El Intendente Daniel Rossi, junto a la Senadora Departamental Patricia D&iacute;az, mantuvieron un encuentro de trabajo en la capital provincial con el Director de Ambiente del Gobierno de Entre R&iacute;os, Lic. Maximiliano G&oacute;mez. En la reuni&oacute;n se abordaron y evaluaron los distintos proyectos relacionados a la gesti&oacute;n ambiental en Santa Elena. &laquo;Es nuestra intenci&oacute;n como [&hellip;]<\/p>\n","protected":false},"author":2,"featured_media":8640,"comment_status":"open","ping_status":"open","sticky":false,"template":"","format":"standard","meta":{"footnotes":""},"categories":[3272],"tags":[3903,208,3902,3904,1327,225,207],"class_list":["post-8638","post","type-post","status-publish","format-standard","has-post-thumbnail","hentry","category-municipales","tag-ambiente","tag-daniel-rossi","tag-direccion","tag-maximiliano-gomez","tag-patricia-diaz","tag-provincial","tag-santa-elena"],"_links":{"self":[{"href":"https:\/\/partediario.com.ar\/index.php?rest_route=\/wp\/v2\/posts\/8638","targetHints":{"allow":["GET"]}}],"collection":[{"href":"https:\/\/partediario.com.ar\/index.php?rest_route=\/wp\/v2\/posts"}],"about":[{"href":"https:\/\/partediario.com.ar\/index.php?rest_route=\/wp\/v2\/types\/post"}],"author":[{"embeddable":true,"href":"https:\/\/partediario.com.ar\/index.php?rest_route=\/wp\/v2\/users\/2"}],"replies":[{"embeddable":true,"href":"https:\/\/partediario.com.ar\/index.php?rest_route=%2Fwp%2Fv2%2Fcomments&post=8638"}],"version-history":[{"count":1,"href":"https:\/\/partediario.com.ar\/index.php?rest_route=\/wp\/v2\/posts\/8638\/revisions"}],"predecessor-version":[{"id":8641,"href":"https:\/\/partediario.com.ar\/index.php?rest_route=\/wp\/v2\/posts\/8638\/revisions\/8641"}],"wp:featuredmedia":[{"embeddable":true,"href":"https:\/\/partediario.com.ar\/index.php?rest_route=\/wp\/v2\/media\/8640"}],"wp:attachment":[{"href":"https:\/\/partediario.com.ar\/index.php?rest_route=%2Fwp%2Fv2%2Fmedia&parent=8638"}],"wp:term":[{"taxonomy":"category","embeddable":true,"href":"https:\/\/partediario.com.ar\/index.php?rest_route=%2Fwp%2Fv2%2Fcategories&post=8638"},{"taxonomy":"post_tag","embeddable":true,"href":"https:\/\/partediario.com.ar\/index.php?rest_route=%2Fwp%2Fv2%2Ftags&post=8638"}],"curies":[{"name":"wp","href":"https:\/\/api.w.org\/{rel}","templated":true}]}}