{"id":8666,"date":"2024-10-21T12:26:13","date_gmt":"2024-10-21T15:26:13","guid":{"rendered":"https:\/\/partediario.com.ar\/?p=8666"},"modified":"2024-10-23T11:39:45","modified_gmt":"2024-10-23T14:39:45","slug":"balearon-a-un-bebe-durante-un-enfrentamiento-entre-bandas-en-san-fernando-una-mujer-fue-arrestada","status":"publish","type":"post","link":"https:\/\/partediario.com.ar\/?p=8666","title":{"rendered":"Balearon a un beb\u00e9 durante un enfrentamiento entre bandas en San Fernando: una mujer fue arrestada"},"content":{"rendered":"\n<h3 class=\"wp-block-heading\">Un beb\u00e9 de un a\u00f1o y medio fue baleado durante un violento enfrentamiento entre bandas en San Fernando y una mujer fue detenida acusada de ser quien hiri\u00f3 de gravedad al bebe, as\u00ed como adem\u00e1s al pap\u00e1 del ni\u00f1o.<\/h3>\n\n\n\n<p>El violento suceso se produjo este fin de semana en la localidad bonaerense de San Fernando cuando una mujer, la cual ya se encuentra arrestada, comenz\u00f3 a disparar contra los vecinos de la calle M\u00e1laga.<\/p>\n\n\n\n<p>Fue en ese momento cuando bale\u00f3 al ni\u00f1o y a su pap\u00e1, identificados como Jonathan Ezequiel Bravo y Celes Oliver Bravo, quienes tuvieron que ser trasladados de urgencia al Hospital de San Isidro, poco despu\u00e9s el menor fue derivado al Hospital Garrahan.<\/p>\n\n\n\n<p>Tras el llamado al 911 se llevo adelante un operativo cerrojo y se logr\u00f3 capturar a la acusada, Celina Garc\u00eda, la cual cuenta con antecedentes penales.<\/p>\n\n\n\n<p><\/p>\n\n\n\n<blockquote class=\"twitter-tweet\"><p lang=\"es\" dir=\"ltr\">BRUTAL VENGANZA: UNA MUJER BALE\u00d3 A UN BEB\u00c9 EN MEDIO DE UN CONFLICTO ENTRE VECINOS<br><br>La acusada dispar\u00f3 contra varias personas en San Fernando. Asegur\u00f3 que d\u00edas antes le hab\u00edan incendiado la casa a su mam\u00e1. <a href=\"https:\/\/t.co\/qlA7djJEne\">pic.twitter.com\/qlA7djJEne<\/a><\/p>&mdash; Perspectiva Sur (@perspectivasur) <a href=\"https:\/\/twitter.com\/perspectivasur\/status\/1848377300863357164?ref_src=twsrc%5Etfw\">October 21, 2024<\/a><\/blockquote> <script async src=\"https:\/\/platform.twitter.com\/widgets.js\" charset=\"utf-8\"><\/script>\n\n\n\n<p><\/p>\n\n\n\n<p>Seg\u00fan las manifestaciones de algunos testigos, la semana pasada habr\u00edan atacado su domicilio, motivo por el cual tom\u00f3 represalias. Es ante este escenario que los investigadores creen que se trat\u00f3 de un conflicto entre bandas.<\/p>\n\n\n\n<p>Sobre el estado de salud de los heridos, los m\u00e9dicos confirmaron que el padre recibi\u00f3 un disparo en el brazo y se encuentra fuera de peligro, mientras que el menor debi\u00f3 ser operado de urgencia tras ser baleado en la panza y su estado es reservado.<\/p>\n\n\n\n<p>\u201cEl barrio se volvi\u00f3 un desastre. Antes era tranquilo\u201d, se\u00f1al\u00f3 una vecina, quien asegur\u00f3 que la detenida empez\u00f3 a disparar junto con su hermano, que se encuentra pr\u00f3fugo.<\/p>\n\n\n\n<p>\u201cEstamos cansados de esta gente\u201d, manifest\u00f3 la t\u00eda del beb\u00e9 gravemente herido y afirm\u00f3 que se escucharon m\u00e1s de 10 disparos.<\/p>\n\n\n\n<p>Varios vecinos pudieron registrar con sus celulares el momento de la feroz balacera por parte de los hermanos.<\/p>\n","protected":false},"excerpt":{"rendered":"<p>Un beb&eacute; de un a&ntilde;o y medio fue baleado durante un violento enfrentamiento entre bandas en San Fernando y una mujer fue detenida acusada de ser quien hiri&oacute; de gravedad al bebe, as&iacute; como adem&aacute;s al pap&aacute; del ni&ntilde;o. El violento suceso se produjo este fin de semana en la localidad bonaerense de San Fernando [&hellip;]<\/p>\n","protected":false},"author":2,"featured_media":8667,"comment_status":"open","ping_status":"open","sticky":false,"template":"","format":"standard","meta":{"footnotes":""},"categories":[7],"tags":[3912,2218,1523,446,3913],"class_list":["post-8666","post","type-post","status-publish","format-standard","has-post-thumbnail","hentry","category-policiales","tag-balearon","tag-bebe","tag-detenida","tag-mujer","tag-san-fernando"],"_links":{"self":[{"href":"https:\/\/partediario.com.ar\/index.php?rest_route=\/wp\/v2\/posts\/8666","targetHints":{"allow":["GET"]}}],"collection":[{"href":"https:\/\/partediario.com.ar\/index.php?rest_route=\/wp\/v2\/posts"}],"about":[{"href":"https:\/\/partediario.com.ar\/index.php?rest_route=\/wp\/v2\/types\/post"}],"author":[{"embeddable":true,"href":"https:\/\/partediario.com.ar\/index.php?rest_route=\/wp\/v2\/users\/2"}],"replies":[{"embeddable":true,"href":"https:\/\/partediario.com.ar\/index.php?rest_route=%2Fwp%2Fv2%2Fcomments&post=8666"}],"version-history":[{"count":1,"href":"https:\/\/partediario.com.ar\/index.php?rest_route=\/wp\/v2\/posts\/8666\/revisions"}],"predecessor-version":[{"id":8668,"href":"https:\/\/partediario.com.ar\/index.php?rest_route=\/wp\/v2\/posts\/8666\/revisions\/8668"}],"wp:featuredmedia":[{"embeddable":true,"href":"https:\/\/partediario.com.ar\/index.php?rest_route=\/wp\/v2\/media\/8667"}],"wp:attachment":[{"href":"https:\/\/partediario.com.ar\/index.php?rest_route=%2Fwp%2Fv2%2Fmedia&parent=8666"}],"wp:term":[{"taxonomy":"category","embeddable":true,"href":"https:\/\/partediario.com.ar\/index.php?rest_route=%2Fwp%2Fv2%2Fcategories&post=8666"},{"taxonomy":"post_tag","embeddable":true,"href":"https:\/\/partediario.com.ar\/index.php?rest_route=%2Fwp%2Fv2%2Ftags&post=8666"}],"curies":[{"name":"wp","href":"https:\/\/api.w.org\/{rel}","templated":true}]}}