{"id":8681,"date":"2024-10-21T20:07:53","date_gmt":"2024-10-21T23:07:53","guid":{"rendered":"https:\/\/partediario.com.ar\/?p=8681"},"modified":"2024-10-23T11:39:09","modified_gmt":"2024-10-23T14:39:09","slug":"caputo-arribo-a-washington-y-participaran-de-la-reunion-anual-del-fmi-y-el-banco-mundial","status":"publish","type":"post","link":"https:\/\/partediario.com.ar\/?p=8681","title":{"rendered":"Caputo arrib\u00f3 a Washington y participar\u00e1n de la reuni\u00f3n anual del FMI y el Banco Mundial"},"content":{"rendered":"\n<h3 class=\"wp-block-heading\">El ministro de Econom\u00eda, Luis Caputo, y un reducido equipo llegaron a Washington para participar de la Cumbre del Fondo Monetario Internacional (FMI) y el Banco Mundial.<\/h3>\n\n\n\n<p>La agenda incluye encuentros con representantes del FMI y del Banco Mundial. Adem\u00e1s, se mantendr\u00e1n reuniones con funcionarios del Banco Interamericano de Desarrollo (BID) y FONPLATA.<\/p>\n\n\n\n<p>Adem\u00e1s, Caputo formar\u00e1 parte el encuentro del Council on Foreign Relations (CFR), la organizaci\u00f3n que apunta a ofrecer ideas sobre pol\u00edtica exterior a sus miembros, funcionarios gubernamentales y ejecutivos de empresas, entre otros.<\/p>\n\n\n\n<p>El titular de Econom\u00eda se reunir\u00e1 tambi\u00e9n con sus pares del G20 en un panel en el que se debatir\u00e1 sobre la situaci\u00f3n econ\u00f3mica internacional y las perspectivas macroecon\u00f3micas para el a\u00f1o pr\u00f3ximo.<\/p>\n\n\n\n<p>Caputo estar\u00e1 presente en la reuni\u00f3n del Comit\u00e9 de Desarrollo del Banco Mundial y el FMI, que apunta a promover consensos entre los Gobiernos sobre cuestiones relativas al desarrollo.<\/p>\n\n\n\n<p>Durante la semana, est\u00e1 prevista adem\u00e1s la participaci\u00f3n del Ministro Caputo en el Comit\u00e9 Monetario y Financiero Internacional (CMFI), un espacio que asesora e informa a la Junta de Gobernadores del FMI acerca de la supervisi\u00f3n y gesti\u00f3n del sistema monetario y financiero internacional.<\/p>\n\n\n\n<p>Forman parte de la delegaci\u00f3n del equipo econ\u00f3mico que viaj\u00f3 a los Estados Unidos el secretario de Finanzas, Pablo Quirno; su par de Pol\u00edtica Econ\u00f3mica, Jos\u00e9 Luis Daza; el Presidente del Banco Central, Santiago Bausili; y el Vicepresidente de la autoridad monetaria, Vladimir Werning.<\/p>\n","protected":false},"excerpt":{"rendered":"<p>El ministro de Econom&iacute;a, Luis Caputo, y un reducido equipo llegaron a Washington para participar de la Cumbre del Fondo Monetario Internacional (FMI) y el Banco Mundial. La agenda incluye encuentros con representantes del FMI y del Banco Mundial. Adem&aacute;s, se mantendr&aacute;n reuniones con funcionarios del Banco Interamericano de Desarrollo (BID) y FONPLATA. Adem&aacute;s, Caputo [&hellip;]<\/p>\n","protected":false},"author":2,"featured_media":8682,"comment_status":"open","ping_status":"open","sticky":false,"template":"","format":"standard","meta":{"footnotes":""},"categories":[5,176],"tags":[679,626,792,1084],"class_list":["post-8681","post","type-post","status-publish","format-standard","has-post-thumbnail","hentry","category-nacionales","category-politica","tag-banco-mundial","tag-fmi","tag-luis-caputo","tag-washington"],"_links":{"self":[{"href":"https:\/\/partediario.com.ar\/index.php?rest_route=\/wp\/v2\/posts\/8681","targetHints":{"allow":["GET"]}}],"collection":[{"href":"https:\/\/partediario.com.ar\/index.php?rest_route=\/wp\/v2\/posts"}],"about":[{"href":"https:\/\/partediario.com.ar\/index.php?rest_route=\/wp\/v2\/types\/post"}],"author":[{"embeddable":true,"href":"https:\/\/partediario.com.ar\/index.php?rest_route=\/wp\/v2\/users\/2"}],"replies":[{"embeddable":true,"href":"https:\/\/partediario.com.ar\/index.php?rest_route=%2Fwp%2Fv2%2Fcomments&post=8681"}],"version-history":[{"count":1,"href":"https:\/\/partediario.com.ar\/index.php?rest_route=\/wp\/v2\/posts\/8681\/revisions"}],"predecessor-version":[{"id":8683,"href":"https:\/\/partediario.com.ar\/index.php?rest_route=\/wp\/v2\/posts\/8681\/revisions\/8683"}],"wp:featuredmedia":[{"embeddable":true,"href":"https:\/\/partediario.com.ar\/index.php?rest_route=\/wp\/v2\/media\/8682"}],"wp:attachment":[{"href":"https:\/\/partediario.com.ar\/index.php?rest_route=%2Fwp%2Fv2%2Fmedia&parent=8681"}],"wp:term":[{"taxonomy":"category","embeddable":true,"href":"https:\/\/partediario.com.ar\/index.php?rest_route=%2Fwp%2Fv2%2Fcategories&post=8681"},{"taxonomy":"post_tag","embeddable":true,"href":"https:\/\/partediario.com.ar\/index.php?rest_route=%2Fwp%2Fv2%2Ftags&post=8681"}],"curies":[{"name":"wp","href":"https:\/\/api.w.org\/{rel}","templated":true}]}}