{"id":8698,"date":"2024-10-22T12:07:35","date_gmt":"2024-10-22T15:07:35","guid":{"rendered":"https:\/\/partediario.com.ar\/?p=8698"},"modified":"2024-10-23T11:38:44","modified_gmt":"2024-10-23T14:38:44","slug":"trabajadores-del-hospital-garrahan-llevaran-a-cabo-una-marcha-blanca-en-el-congreso","status":"publish","type":"post","link":"https:\/\/partediario.com.ar\/?p=8698","title":{"rendered":"Trabajadores del Hospital Garrahan llevar\u00e1n a cabo una \u00abMarcha Blanca\u00bb en el Congreso"},"content":{"rendered":"\n<h3 class=\"wp-block-heading\">Se realizar\u00e1 hoy por la tarde y ser\u00e1 en la Plaza de Mayo. Adem\u00e1s habr\u00e1 una clase masiva de RCP frente a Casa Rosada \u201cpara reanimar a la Salud, a la Educaci\u00f3n P\u00fablica y a las jubilaciones\u201d.<\/h3>\n\n\n\n<p>Trabajadores del Hospital Garrahan se concentrar\u00e1n, hoy por la tarde, frente al Congreso de la Naci\u00f3n junto a organizaciones del \u00e1mbito de la salud, estudiantes de la Universidad de Buenos Aires (UBA), docentes, no docentes y organizaciones de jubilados, entre otras agrupaciones.<\/p>\n\n\n\n<p>El motivo de la manifestaci\u00f3n es la recomposici\u00f3n salarial del 100%, \u00abque es lo perdido en el \u00faltimo a\u00f1o\u00bb, un sueldo inicial de $1.500.000 \u00abpara igualar la canasta b\u00e1sica\u00bb y el rechazo al impuesto sobre el salario.<\/p>\n\n\n\n<p>\u00abLas y los trabajadores de la Salud y el movimiento estudiantil, tenemos que decirle basta a este experimento siniestro. Vamos a marchar junto a residentes y cientos de estudiantes universitarios, que est\u00e1n dando un ejemplo con asambleas y tomas de facultades en todo el pa\u00eds. M\u00e1s de 30 asambleas resolvieron confluir con nuestra propuesta de unidad en defensa de lo obvio, de lo m\u00e1s b\u00e1sico: la Salud y la Educaci\u00f3n p\u00fablica\u00bb, expresa el comunicado de la Asociaci\u00f3n de Profesionales y T\u00e9cnicos del Hospital (APyT).<\/p>\n\n\n\n<p>Personal m\u00e9dico afirma que la atenci\u00f3n en el Garrahan \u00ablleg\u00f3 a un estado cr\u00edtico\u00bb, porque en los \u00faltimos nueve meses \u00abperdi\u00f3 la misma cantidad de profesionales de la salud que en los \u00faltimos nueve a\u00f1os\u00bb.<\/p>\n\n\n\n<p>\u00abFue una aceleraci\u00f3n en picada de la fuga de personal capacitado por la Salud P\u00fablica que termina y\u00e9ndose al \u00e1mbito privado, debido a los bajos salarios, o directamente y\u00e9ndose del pa\u00eds\u00bb, destacaron.<\/p>\n\n\n\n<p>Mientras que el secretario de organizaci\u00f3n de la Federaci\u00f3n Universitaria Argentina (FUA) e integrante del Centro de Estudiantes de la Facultad de Sociales (UBA), Agust\u00edn Romero, asegur\u00f3 que \u00abcerrar hospitales, vaciar el Garrahan y atacar la universidad p\u00fablica es parte de un experimento siniestro de un gobierno anti-todo lo que est\u00e1 bien\u00bb y que, por ese motivo, pretenden unificar el rechazo al veto del presidente Javier Milei sobre el presupuesto universitario con el reclamo salarial del Garrahan, los residentes, el Hospital Bonaparte y \u00abtodos los sectores de que se opongan a esta aberraci\u00f3n que nos agrede desde que asumi\u00f3\u00bb.<\/p>\n\n\n\n<p>Cabe destacar que por a\u00f1o, el Hospital Garrahan atiende 600 mil consultas, entre presenciales y virtuales, realiza 10 mil cirug\u00edas de alta complejidad, est\u00e1n a cargo del 50% de los trasplantes pedi\u00e1tricos del pa\u00eds y del 40 % por ciento de la atenci\u00f3n de c\u00e1ncer en pediatr\u00eda.<\/p>\n","protected":false},"excerpt":{"rendered":"<p>Se realizar&aacute; hoy por la tarde y ser&aacute; en la Plaza de Mayo. Adem&aacute;s habr&aacute; una clase masiva de RCP frente a Casa Rosada &ldquo;para reanimar a la Salud, a la Educaci&oacute;n P&uacute;blica y a las jubilaciones&rdquo;. Trabajadores del Hospital Garrahan se concentrar&aacute;n, hoy por la tarde, frente al Congreso de la Naci&oacute;n junto a [&hellip;]<\/p>\n","protected":false},"author":2,"featured_media":8699,"comment_status":"open","ping_status":"open","sticky":false,"template":"","format":"standard","meta":{"footnotes":""},"categories":[978,5,176],"tags":[229,3557,287,3930,1949],"class_list":["post-8698","post","type-post","status-publish","format-standard","has-post-thumbnail","hentry","category-gremiales","category-nacionales","category-politica","tag-congreso","tag-garrahan","tag-hospital","tag-marcha-blanca","tag-trabajadores"],"_links":{"self":[{"href":"https:\/\/partediario.com.ar\/index.php?rest_route=\/wp\/v2\/posts\/8698","targetHints":{"allow":["GET"]}}],"collection":[{"href":"https:\/\/partediario.com.ar\/index.php?rest_route=\/wp\/v2\/posts"}],"about":[{"href":"https:\/\/partediario.com.ar\/index.php?rest_route=\/wp\/v2\/types\/post"}],"author":[{"embeddable":true,"href":"https:\/\/partediario.com.ar\/index.php?rest_route=\/wp\/v2\/users\/2"}],"replies":[{"embeddable":true,"href":"https:\/\/partediario.com.ar\/index.php?rest_route=%2Fwp%2Fv2%2Fcomments&post=8698"}],"version-history":[{"count":1,"href":"https:\/\/partediario.com.ar\/index.php?rest_route=\/wp\/v2\/posts\/8698\/revisions"}],"predecessor-version":[{"id":8700,"href":"https:\/\/partediario.com.ar\/index.php?rest_route=\/wp\/v2\/posts\/8698\/revisions\/8700"}],"wp:featuredmedia":[{"embeddable":true,"href":"https:\/\/partediario.com.ar\/index.php?rest_route=\/wp\/v2\/media\/8699"}],"wp:attachment":[{"href":"https:\/\/partediario.com.ar\/index.php?rest_route=%2Fwp%2Fv2%2Fmedia&parent=8698"}],"wp:term":[{"taxonomy":"category","embeddable":true,"href":"https:\/\/partediario.com.ar\/index.php?rest_route=%2Fwp%2Fv2%2Fcategories&post=8698"},{"taxonomy":"post_tag","embeddable":true,"href":"https:\/\/partediario.com.ar\/index.php?rest_route=%2Fwp%2Fv2%2Ftags&post=8698"}],"curies":[{"name":"wp","href":"https:\/\/api.w.org\/{rel}","templated":true}]}}