{"id":8704,"date":"2024-10-22T12:24:03","date_gmt":"2024-10-22T15:24:03","guid":{"rendered":"https:\/\/partediario.com.ar\/?p=8704"},"modified":"2024-10-22T12:24:08","modified_gmt":"2024-10-22T15:24:08","slug":"cuanto-pago-y-hasta-cuando-estara-internado-en-la-clinica-entrerriana-roberto-garcia-moritan","status":"publish","type":"post","link":"https:\/\/partediario.com.ar\/?p=8704","title":{"rendered":"Cu\u00e1nto pag\u00f3 y hasta cu\u00e1ndo estar\u00e1 internado en la Cl\u00ednica entrerriana Roberto Garc\u00eda Moritan"},"content":{"rendered":"\n<h3 class=\"wp-block-heading\">Luego de la complicada separaci\u00f3n de Pampita y tras haber renunciado a su cargo como Ministro de Desarrollo Econ\u00f3mico de la Ciudad, Roberto Garc\u00eda Morit\u00e1n tom\u00f3 la decisi\u00f3n de internarse el jueves pasado, en una cl\u00ednica de rehabilitaci\u00f3n que trata problem\u00e1ticas de salud f\u00edsica y mental.<\/h3>\n\n\n\n<p>Durante el fin de semana se viralizaron las primeras im\u00e1genes del ex funcionario en el Centro Adventista Puiggari, ubicado en Entre R\u00edos, la misma cl\u00ednica en la que internaron a figuras como Chano Charpentier y Diego Maradona, entre otros.<\/p>\n\n\n\n<p>El centro de rehabilitaci\u00f3n est\u00e1 enfocado en una recuperaci\u00f3n hol\u00edstica para afrontar diversas problem\u00e1ticas f\u00edsicas y mentales. D\u00edas atr\u00e1s, Morit\u00e1n se comunic\u00f3 con el periodista Daniel Ambrosino y le dijo que busca \u201cdesconectar y desestresarse\u201d.<\/p>\n\n\n\n<p>Seg\u00fan inform\u00f3 Justina Britos a DDM: \u00abRoberto Garc\u00eda Morit\u00e1n va a estar 21 d\u00edas en este centro. Tres semanas. Eso es lo que \u00e9l contrat\u00f3, puntualmente. No sabemos todav\u00eda, bueno, si \u00e9l va a estar efectivamente toda esa cantidad de d\u00edas, pero eso fue lo que contrat\u00f3 en este lugar\u201d.<\/p>\n\n\n\n<p><strong>\u00bfCu\u00e1nto cuesta su estad\u00eda en el Centro Adventista Puiggari?<\/strong><\/p>\n\n\n\n<p>De acuerdo a la informaci\u00f3n que tiene Santiago Sposato, los amigos del ex marido de Pampita fueron quienes lo aconsejaron a tomarse unos d\u00edas luego de que \u201clos llamara llorando\u201d por la noche: \u00abLe contrataron la suite ejecutiva, que sale 2.780.000 pesos por semana\u201d.<\/p>\n\n\n\n<p>Por lo tanto, el costo total de la internaci\u00f3n de Roberto Garc\u00eda Morit\u00e1n en la Cl\u00ednica de rehabilitaci\u00f3n ser\u00eda de 8.340.000 de pesos.<\/p>\n","protected":false},"excerpt":{"rendered":"<p>Luego de la complicada separaci&oacute;n de Pampita y tras haber renunciado a su cargo como Ministro de Desarrollo Econ&oacute;mico de la Ciudad, Roberto Garc&iacute;a Morit&aacute;n tom&oacute; la decisi&oacute;n de internarse el jueves pasado, en una cl&iacute;nica de rehabilitaci&oacute;n que trata problem&aacute;ticas de salud f&iacute;sica y mental. Durante el fin de semana se viralizaron las primeras [&hellip;]<\/p>\n","protected":false},"author":2,"featured_media":8705,"comment_status":"open","ping_status":"open","sticky":false,"template":"","format":"standard","meta":{"footnotes":""},"categories":[5,726],"tags":[3932,3330,3529],"class_list":["post-8704","post","type-post","status-publish","format-standard","has-post-thumbnail","hentry","category-nacionales","category-sociedad","tag-centro-adventista-puiggari","tag-clinica","tag-roberto-garcia-moritan-2"],"_links":{"self":[{"href":"https:\/\/partediario.com.ar\/index.php?rest_route=\/wp\/v2\/posts\/8704","targetHints":{"allow":["GET"]}}],"collection":[{"href":"https:\/\/partediario.com.ar\/index.php?rest_route=\/wp\/v2\/posts"}],"about":[{"href":"https:\/\/partediario.com.ar\/index.php?rest_route=\/wp\/v2\/types\/post"}],"author":[{"embeddable":true,"href":"https:\/\/partediario.com.ar\/index.php?rest_route=\/wp\/v2\/users\/2"}],"replies":[{"embeddable":true,"href":"https:\/\/partediario.com.ar\/index.php?rest_route=%2Fwp%2Fv2%2Fcomments&post=8704"}],"version-history":[{"count":1,"href":"https:\/\/partediario.com.ar\/index.php?rest_route=\/wp\/v2\/posts\/8704\/revisions"}],"predecessor-version":[{"id":8706,"href":"https:\/\/partediario.com.ar\/index.php?rest_route=\/wp\/v2\/posts\/8704\/revisions\/8706"}],"wp:featuredmedia":[{"embeddable":true,"href":"https:\/\/partediario.com.ar\/index.php?rest_route=\/wp\/v2\/media\/8705"}],"wp:attachment":[{"href":"https:\/\/partediario.com.ar\/index.php?rest_route=%2Fwp%2Fv2%2Fmedia&parent=8704"}],"wp:term":[{"taxonomy":"category","embeddable":true,"href":"https:\/\/partediario.com.ar\/index.php?rest_route=%2Fwp%2Fv2%2Fcategories&post=8704"},{"taxonomy":"post_tag","embeddable":true,"href":"https:\/\/partediario.com.ar\/index.php?rest_route=%2Fwp%2Fv2%2Ftags&post=8704"}],"curies":[{"name":"wp","href":"https:\/\/api.w.org\/{rel}","templated":true}]}}