{"id":8707,"date":"2024-10-22T12:28:28","date_gmt":"2024-10-22T15:28:28","guid":{"rendered":"https:\/\/partediario.com.ar\/?p=8707"},"modified":"2024-10-22T12:28:29","modified_gmt":"2024-10-22T15:28:29","slug":"entre-rios-el-gobernador-recibio-una-obra-en-homenaje-a-su-abuelo-cofundador-del-mid","status":"publish","type":"post","link":"https:\/\/partediario.com.ar\/?p=8707","title":{"rendered":"Entre R\u00edos: el gobernador recibi\u00f3 una obra en homenaje a su abuelo, cofundador del MID"},"content":{"rendered":"\n<h3 class=\"wp-block-heading\">De manos de los diputados nacionales del bloque Movimiento de Integraci\u00f3n y Desarrollo (MID), Oscar Zago, Eduardo Falcone y Mar\u00eda Cecilia Iba\u00f1ez, el gobernador Rogelio Frigerio recibi\u00f3 un cuadro con la imagen de su abuelo, Rogelio Julio Frigerio, quien fuera uno de los fundadores de ese espacio pol\u00edtico.<\/h3>\n\n\n\n<p>El gobernador, junto a su padre, Octavio Frigerio, mantuvieron un encuentro con los tres legisladores nacionales, quienes les entregaron obras realizadas por el artista Alejandro M\u00e1rmol como regalo para el hijo y el nieto del cofundador del movimiento desarrollista nacional.<\/p>\n\n\n\n<p>El encuentro fue propicio adem\u00e1s para analizar el escenario econ\u00f3mico y pol\u00edtico del pa\u00eds. \u00abSo\u00f1amos con una Argentina pujante, moderna y libre\u00bb, resaltaron los legisladores, quienes adem\u00e1s reafirmaron que \u00abnos mantenemos en el camino que plantearon Rogelio Julio Frigerio, junto a Arturo Frondizi, para promover el desarrollo econ\u00f3mico de la patria y el bienestar general de la naci\u00f3n argentina\u00bb.<\/p>\n\n\n\n<p>La diputada nacional Mar\u00eda Cecilia Iba\u00f1ez, presidenta del MID de C\u00f3rdoba, sostuvo que \u00abpara nosotros es un honor que Rogelio sea en este momento gobernador. \u00c9l tiene una mirada certera y acertada en lo que se debe hacer\u00bb.<\/p>\n\n\n\n<p>Por otra parte, coment\u00f3 que habitualmente se re\u00fanen con Octavio Frigerio, dirigente pol\u00edtico y padre del gobernador, \u00abpara hablar de la situaci\u00f3n del pa\u00eds, la perspectiva de la Argentina y qu\u00e9 pensamos que debemos hacer cada uno para ayudar a que el pa\u00eds salga adelante\u00bb.<\/p>\n\n\n\n<p>En relaci\u00f3n a la entrega de la obra al mandatario entrerriano y su padre, remarc\u00f3 que lo hicieron como \u00abadmiradores de Arturo Frondizi y de Rogelio Julio Frigerio\u00bb. El cuadro fue entregado al actual gobernador y nieto del cofundador del MID; y la miniatura en hierro al hijo del mismo y padre de Rogelio, Octavio. Ambas piezas fueron creadas especialmente para ellos por el artista Alejandro M\u00e1rmol.<\/p>\n","protected":false},"excerpt":{"rendered":"<p>De manos de los diputados nacionales del bloque Movimiento de Integraci&oacute;n y Desarrollo (MID), Oscar Zago, Eduardo Falcone y Mar&iacute;a Cecilia Iba&ntilde;ez, el gobernador Rogelio Frigerio recibi&oacute; un cuadro con la imagen de su abuelo, Rogelio Julio Frigerio, quien fuera uno de los fundadores de ese espacio pol&iacute;tico. El gobernador, junto a su padre, Octavio [&hellip;]<\/p>\n","protected":false},"author":2,"featured_media":8708,"comment_status":"open","ping_status":"open","sticky":false,"template":"","format":"standard","meta":{"footnotes":""},"categories":[8],"tags":[3933,3150,1109,245,3934],"class_list":["post-8707","post","type-post","status-publish","format-standard","has-post-thumbnail","hentry","category-provinciales","tag-abuelo","tag-mid","tag-obra","tag-rogelio-frigerio","tag-rogelio-julio-frigerio"],"_links":{"self":[{"href":"https:\/\/partediario.com.ar\/index.php?rest_route=\/wp\/v2\/posts\/8707","targetHints":{"allow":["GET"]}}],"collection":[{"href":"https:\/\/partediario.com.ar\/index.php?rest_route=\/wp\/v2\/posts"}],"about":[{"href":"https:\/\/partediario.com.ar\/index.php?rest_route=\/wp\/v2\/types\/post"}],"author":[{"embeddable":true,"href":"https:\/\/partediario.com.ar\/index.php?rest_route=\/wp\/v2\/users\/2"}],"replies":[{"embeddable":true,"href":"https:\/\/partediario.com.ar\/index.php?rest_route=%2Fwp%2Fv2%2Fcomments&post=8707"}],"version-history":[{"count":1,"href":"https:\/\/partediario.com.ar\/index.php?rest_route=\/wp\/v2\/posts\/8707\/revisions"}],"predecessor-version":[{"id":8709,"href":"https:\/\/partediario.com.ar\/index.php?rest_route=\/wp\/v2\/posts\/8707\/revisions\/8709"}],"wp:featuredmedia":[{"embeddable":true,"href":"https:\/\/partediario.com.ar\/index.php?rest_route=\/wp\/v2\/media\/8708"}],"wp:attachment":[{"href":"https:\/\/partediario.com.ar\/index.php?rest_route=%2Fwp%2Fv2%2Fmedia&parent=8707"}],"wp:term":[{"taxonomy":"category","embeddable":true,"href":"https:\/\/partediario.com.ar\/index.php?rest_route=%2Fwp%2Fv2%2Fcategories&post=8707"},{"taxonomy":"post_tag","embeddable":true,"href":"https:\/\/partediario.com.ar\/index.php?rest_route=%2Fwp%2Fv2%2Ftags&post=8707"}],"curies":[{"name":"wp","href":"https:\/\/api.w.org\/{rel}","templated":true}]}}