{"id":8715,"date":"2024-10-22T13:38:38","date_gmt":"2024-10-22T16:38:38","guid":{"rendered":"https:\/\/partediario.com.ar\/?p=8715"},"modified":"2024-10-22T13:38:47","modified_gmt":"2024-10-22T16:38:47","slug":"parana-la-intendenta-rosario-romero-recibio-al-consul-adjunto-en-miami-jose-emilio-grande-perez","status":"publish","type":"post","link":"https:\/\/partediario.com.ar\/?p=8715","title":{"rendered":"Paran\u00e1: la intendenta Rosario Romero recibi\u00f3 al c\u00f3nsul adjunto en Miami, Jos\u00e9 Emilio Grande P\u00e9rez"},"content":{"rendered":"\n<h3 class=\"wp-block-heading\">Fue en el marco de una visita a Paran\u00e1. La Presidenta Municipal destac\u00f3 el intercambio sobre temas culturales, educativos y de servicios. Ambos remarcaron la importancia de estrechar lazos.<\/h3>\n\n\n\n<p>El encuentro fue en el Palacio Municipal, con el objetivo de intercambiar experiencias de gesti\u00f3n y de fortalecer la integraci\u00f3n del Estado municipal con el mundo.<\/p>\n\n\n\n<p>\u201cNos ha ilustrado sobre su rol, su recorrida y las posibilidades que tenemos de intercambio y de hacer cosas conjuntas vinculadas con los lazos comerciales y culturales\u201d, subray\u00f3 Romero.<\/p>\n\n\n\n<p>El c\u00f3nsul adjunto manifest\u00f3 que la idea es \u201cdar los primeros pasos para buscar un hermanamiento con Paran\u00e1 que permita traer inversiones; el trabajo que est\u00e1 haciendo la Intendenta por esta ciudad es espectacular\u201d.<\/p>\n\n\n\n<p><\/p>\n\n\n\n<figure class=\"wp-block-embed is-type-video is-provider-youtube wp-block-embed-youtube wp-embed-aspect-16-9 wp-has-aspect-ratio\"><div class=\"wp-block-embed__wrapper\">\n<iframe loading=\"lazy\" title=\"La intendenta Rosario  Romero recibi\u00f3 al c\u00f3nsul adjunto en Miami, Jos\u00e9 Emilio Grande P\u00e9rez\" width=\"640\" height=\"360\" src=\"https:\/\/www.youtube.com\/embed\/GDGJDPrRbZQ?feature=oembed\" frameborder=\"0\" allow=\"accelerometer; autoplay; clipboard-write; encrypted-media; gyroscope; picture-in-picture; web-share\" referrerpolicy=\"strict-origin-when-cross-origin\" allowfullscreen><\/iframe>\n<\/div><\/figure>\n","protected":false},"excerpt":{"rendered":"<p>Fue en el marco de una visita a Paran&aacute;. La Presidenta Municipal destac&oacute; el intercambio sobre temas culturales, educativos y de servicios. Ambos remarcaron la importancia de estrechar lazos. El encuentro fue en el Palacio Municipal, con el objetivo de intercambiar experiencias de gesti&oacute;n y de fortalecer la integraci&oacute;n del Estado municipal con el mundo. [&hellip;]<\/p>\n","protected":false},"author":2,"featured_media":8716,"comment_status":"open","ping_status":"open","sticky":false,"template":"","format":"standard","meta":{"footnotes":""},"categories":[3272],"tags":[3937,2060,3935,3938,265,242],"class_list":["post-8715","post","type-post","status-publish","format-standard","has-post-thumbnail","hentry","category-municipales","tag-adjunto","tag-consul","tag-jose-emilio-grande-perez","tag-miami","tag-parana","tag-rosario-romero"],"_links":{"self":[{"href":"https:\/\/partediario.com.ar\/index.php?rest_route=\/wp\/v2\/posts\/8715","targetHints":{"allow":["GET"]}}],"collection":[{"href":"https:\/\/partediario.com.ar\/index.php?rest_route=\/wp\/v2\/posts"}],"about":[{"href":"https:\/\/partediario.com.ar\/index.php?rest_route=\/wp\/v2\/types\/post"}],"author":[{"embeddable":true,"href":"https:\/\/partediario.com.ar\/index.php?rest_route=\/wp\/v2\/users\/2"}],"replies":[{"embeddable":true,"href":"https:\/\/partediario.com.ar\/index.php?rest_route=%2Fwp%2Fv2%2Fcomments&post=8715"}],"version-history":[{"count":1,"href":"https:\/\/partediario.com.ar\/index.php?rest_route=\/wp\/v2\/posts\/8715\/revisions"}],"predecessor-version":[{"id":8717,"href":"https:\/\/partediario.com.ar\/index.php?rest_route=\/wp\/v2\/posts\/8715\/revisions\/8717"}],"wp:featuredmedia":[{"embeddable":true,"href":"https:\/\/partediario.com.ar\/index.php?rest_route=\/wp\/v2\/media\/8716"}],"wp:attachment":[{"href":"https:\/\/partediario.com.ar\/index.php?rest_route=%2Fwp%2Fv2%2Fmedia&parent=8715"}],"wp:term":[{"taxonomy":"category","embeddable":true,"href":"https:\/\/partediario.com.ar\/index.php?rest_route=%2Fwp%2Fv2%2Fcategories&post=8715"},{"taxonomy":"post_tag","embeddable":true,"href":"https:\/\/partediario.com.ar\/index.php?rest_route=%2Fwp%2Fv2%2Ftags&post=8715"}],"curies":[{"name":"wp","href":"https:\/\/api.w.org\/{rel}","templated":true}]}}