{"id":8725,"date":"2024-10-22T19:56:49","date_gmt":"2024-10-22T22:56:49","guid":{"rendered":"https:\/\/partediario.com.ar\/?p=8725"},"modified":"2024-10-23T11:38:23","modified_gmt":"2024-10-23T14:38:23","slug":"la-apertura-del-cepo-esta-mucho-mas-cerca-de-lo-que-se-imaginan-expreso-el-presidente","status":"publish","type":"post","link":"https:\/\/partediario.com.ar\/?p=8725","title":{"rendered":"\u00abLa apertura del cepo est\u00e1 mucho m\u00e1s cerca de lo que se imaginan\u00bb, expres\u00f3 el Presidente"},"content":{"rendered":"\n<h3 class=\"wp-block-heading\">El presidente Javier Milei afirm\u00f3 hoy que \u201cla apertura del cepo est\u00e1 m\u00e1s cerca de lo que imaginan\u201d, y adem\u00e1s aclar\u00f3 que \u201chay apertura de cepo con plata y apertura de cepo sin plata\u201d, lo hizo en declaraciones que formul\u00f3 a un canal de streaming.<\/h3>\n\n\n\n<p>Milei pronostic\u00f3 tambi\u00e9n que La Libertad Avanza (LLA) va a \u00abarrasar\u00bb en las elecciones legislativas del a\u00f1o pr\u00f3ximo.<\/p>\n\n\n\n<p>\u00abVamos a arrasar en el 2025. Tenemos una intenci\u00f3n de voto del 45 por ciento despu\u00e9s de haber hecho el mayor ajuste de la historia de la humanidad\u00bb, destac\u00f3 el Presidente en un reportaje que concedi\u00f3 al canal de streaming Neura, donde plante\u00f3 un escenario para las elecciones de 2025 \u00abcon los salarios subiendo, las jubilaciones subiendo y el empleo subiendo\u00bb.<\/p>\n\n\n\n<p>Adem\u00e1s el mandatario nacional se diferenci\u00f3 de los pol\u00edticos que \u00abpiensan en t\u00e9rminos de votos e imagen\u00bb al restarle importancia a esas categor\u00edas.<\/p>\n\n\n\n<p>\u201cYo no miro la imagen, la imagen la tengo para consumirla. Quiero tomar las decisiones que creo que son las correctas, eso no lo entienden\u201d, apunt\u00f3.<\/p>\n\n\n\n<p>Revel\u00f3 que recibi\u00f3 una carta de su par chino, Xi Jinping, para saludarlo por su cumplea\u00f1os 54.<\/p>\n\n\n\n<p>\u00abHoy hicimos un peque\u00f1o brindis y despu\u00e9s segu\u00ed trabajando; recib\u00ed al embajador de China que trajo una carta de Xi Jinping salud\u00e1ndome por mi cumplea\u00f1os\u00bb, se\u00f1al\u00f3 el mandatario y a\u00f1adi\u00f3 que \u00abno le da mayor importancia\u00bb a su cumplea\u00f1os, sino que lo toma como \u00abun d\u00eda m\u00e1s\u00bb.<\/p>\n\n\n\n<p>El mandatario critic\u00f3 nuevamente esta tarde al jefe del bloque de diputados de Encuentro Federal, Miguel Pichetto, a quien acus\u00f3 de hablar \u00abmirando las valoraciones de las encuestas\u00bb.<\/p>\n\n\n\n<p>\u00abPichetto mira las encuestas, mira la valoraci\u00f3n de las universidades y te dice \u00b4\u00bfC\u00f3mo vas a hacer esto? Ten\u00e9s que permitir todo\u00b4. Si permit\u00eds todo el riesgo pa\u00eds pasa a 3.000, entr\u00e1s en d\u00e9ficit fiscal\u2026 es mejor hacer lo que corresponde\u00bb, dispar\u00f3.<\/p>\n\n\n\n<p>Milei consider\u00f3 que el Gobierno \u00abgan\u00f3 la batalla de las universidades\u00bb, porque \u00abel 85% de la gente quiere auditarlas\u00bb.<\/p>\n\n\n\n<p>\u00abCuando arranc\u00f3 el tema de las universidades arranc\u00f3 que el 90 por ciento estaba a favor de las universidades y el 10 por ciento a favor nuestro. Hoy estamos 50 a favor de las universidades y 40 a favor nuestro. La batalla de las universidades la dimos y la ganamos, el 85 por ciento de la gente quiere auditarlas, que es lo que planteamos\u00bb, concluy\u00f3.<\/p>\n","protected":false},"excerpt":{"rendered":"<p>El presidente Javier Milei afirm&oacute; hoy que &ldquo;la apertura del cepo est&aacute; m&aacute;s cerca de lo que imaginan&rdquo;, y adem&aacute;s aclar&oacute; que &ldquo;hay apertura de cepo con plata y apertura de cepo sin plata&rdquo;, lo hizo en declaraciones que formul&oacute; a un canal de streaming. Milei pronostic&oacute; tambi&eacute;n que La Libertad Avanza (LLA) va a [&hellip;]<\/p>\n","protected":false},"author":2,"featured_media":8726,"comment_status":"open","ping_status":"open","sticky":false,"template":"","format":"standard","meta":{"footnotes":""},"categories":[5,176],"tags":[832,232,266,3941,3942],"class_list":["post-8725","post","type-post","status-publish","format-standard","has-post-thumbnail","hentry","category-nacionales","category-politica","tag-cepo","tag-javier-milei","tag-libertad-avanza","tag-xi-jining","tag-xi-jinping"],"_links":{"self":[{"href":"https:\/\/partediario.com.ar\/index.php?rest_route=\/wp\/v2\/posts\/8725","targetHints":{"allow":["GET"]}}],"collection":[{"href":"https:\/\/partediario.com.ar\/index.php?rest_route=\/wp\/v2\/posts"}],"about":[{"href":"https:\/\/partediario.com.ar\/index.php?rest_route=\/wp\/v2\/types\/post"}],"author":[{"embeddable":true,"href":"https:\/\/partediario.com.ar\/index.php?rest_route=\/wp\/v2\/users\/2"}],"replies":[{"embeddable":true,"href":"https:\/\/partediario.com.ar\/index.php?rest_route=%2Fwp%2Fv2%2Fcomments&post=8725"}],"version-history":[{"count":1,"href":"https:\/\/partediario.com.ar\/index.php?rest_route=\/wp\/v2\/posts\/8725\/revisions"}],"predecessor-version":[{"id":8727,"href":"https:\/\/partediario.com.ar\/index.php?rest_route=\/wp\/v2\/posts\/8725\/revisions\/8727"}],"wp:featuredmedia":[{"embeddable":true,"href":"https:\/\/partediario.com.ar\/index.php?rest_route=\/wp\/v2\/media\/8726"}],"wp:attachment":[{"href":"https:\/\/partediario.com.ar\/index.php?rest_route=%2Fwp%2Fv2%2Fmedia&parent=8725"}],"wp:term":[{"taxonomy":"category","embeddable":true,"href":"https:\/\/partediario.com.ar\/index.php?rest_route=%2Fwp%2Fv2%2Fcategories&post=8725"},{"taxonomy":"post_tag","embeddable":true,"href":"https:\/\/partediario.com.ar\/index.php?rest_route=%2Fwp%2Fv2%2Ftags&post=8725"}],"curies":[{"name":"wp","href":"https:\/\/api.w.org\/{rel}","templated":true}]}}