{"id":8740,"date":"2024-10-23T11:25:52","date_gmt":"2024-10-23T14:25:52","guid":{"rendered":"https:\/\/partediario.com.ar\/?p=8740"},"modified":"2024-10-24T11:37:41","modified_gmt":"2024-10-24T14:37:41","slug":"estamos-corrigiendo-el-orden-la-macroeconomia-cueste-lo-que-cueste-expreso-milei","status":"publish","type":"post","link":"https:\/\/partediario.com.ar\/?p=8740","title":{"rendered":"\u201cEstamos corrigiendo el orden la macroeconom\u00eda, cueste lo que cueste\u201d, expres\u00f3 Milei"},"content":{"rendered":"\n<h3 class=\"wp-block-heading\">El presidente Javier Milei afirm\u00f3 que su gobierno va a \u201cordenar la macroeconom\u00eda, cueste lo que cueste,\u201d tras argumentar que es la base para el desarrollo del pa\u00eds.<\/h3>\n\n\n\n<p>Adem\u00e1s, tiene esperanza en que las medidas que seguir\u00e1 tomando y la recuperaci\u00f3n del pa\u00eds le permitan alcanzar la categor\u00eda de Investment Grade, una calificaci\u00f3n que convertir\u00eda al pa\u00eds en sujeto a inversiones de gran escala.<\/p>\n\n\n\n<p>Milei habl\u00f3 hoy en la apertura del Foro Econ\u00f3mico Mundial (FEM), similar al que se lleva a cabo en Davos.<\/p>\n\n\n\n<p>\u201cSi bien mi primer discurso en Davos ha tomado cierta notoriedad global, no vengo hoy aqu\u00ed a hablar del rumbo que ha adoptado el mundo, sino m\u00e1s bien vengo a contarles el rumbo que ha adoptado la Argentina desde que asumimos\u201d, comenz\u00f3 el mandatario nacional.<\/p>\n\n\n\n<p>Milei destac\u00f3 que est\u00e1 \u201cconstruyendo una nueva Argentina sobre tres pilares fundamentales: una macroeconom\u00eda ordenada, anclada en el equilibrio fiscal; un esfuerzo tit\u00e1nico para desregular toda la econom\u00eda argentina\u201d.<\/p>\n\n\n\n<p>Asimismo recalc\u00f3: \u201cEstamos corrigiendo el orden macroecon\u00f3mico, cueste lo que cueste\u201d y destac\u00f3 la implementaci\u00f3n de medidas \u201cque sacaron al 90% de la poblaci\u00f3n mundial de la pobreza\u201d.<\/p>\n\n\n\n<p>Adem\u00e1s se\u00f1al\u00f3 que \u201cla reducci\u00f3n dr\u00e1stica del gasto p\u00fablico que estamos llevando adelante lo que nos va a permitir devolverle en bajas impositivas al sector privado el producto que el Estado le rob\u00f3\u201d.<\/p>\n\n\n\n<p>\u201cLa br\u00fajula de este cambio apunta a que la Argentina sea el pa\u00eds m\u00e1s libre del mundo\u201d, agreg\u00f3.<\/p>\n\n\n\n<p>Seg\u00fan los que consider\u00f3 logros de su plan econ\u00f3mico, el Riesgo Pa\u00eds baj\u00f3 a 1.100 puntos y confi\u00f3 en \u201cseguir baj\u00e1ndolo\u201d porque tarde o temprano, volveremos a ser un pa\u00eds emergente en la calificaci\u00f3n crediticia\u201d.<\/p>\n\n\n\n<p>\u201cEstoy fuertemente comprometido porque en alg\u00fan momento de la gesti\u00f3n podamos llegar a ser Investment Grade\u201d, se\u00f1al\u00f3.<\/p>\n\n\n\n<p>Cabe se\u00f1alar que la calificaci\u00f3n de pa\u00eds en \u201cGrado de Inversi\u00f3n\u201d por parte de las calificadoras de riesgo crediticio permite la inversi\u00f3n en activos del pa\u00eds a los grandes flujos financieros, que por regulaciones propias evitan exponerse en naciones con mayor riesgo.<\/p>\n\n\n\n<p>Tambi\u00e9n anunci\u00f3 que a partir del RIGI el pa\u00eds ya logr\u00f3 inversiones por US$ 50.000 millones.<\/p>\n","protected":false},"excerpt":{"rendered":"<p>El presidente Javier Milei afirm&oacute; que su gobierno va a &ldquo;ordenar la macroeconom&iacute;a, cueste lo que cueste,&rdquo; tras argumentar que es la base para el desarrollo del pa&iacute;s. Adem&aacute;s, tiene esperanza en que las medidas que seguir&aacute; tomando y la recuperaci&oacute;n del pa&iacute;s le permitan alcanzar la categor&iacute;a de Investment Grade, una calificaci&oacute;n que convertir&iacute;a [&hellip;]<\/p>\n","protected":false},"author":2,"featured_media":8741,"comment_status":"open","ping_status":"open","sticky":false,"template":"","format":"standard","meta":{"footnotes":""},"categories":[5,176],"tags":[3945,232],"class_list":["post-8740","post","type-post","status-publish","format-standard","has-post-thumbnail","hentry","category-nacionales","category-politica","tag-foro-economico-mundial","tag-javier-milei"],"_links":{"self":[{"href":"https:\/\/partediario.com.ar\/index.php?rest_route=\/wp\/v2\/posts\/8740","targetHints":{"allow":["GET"]}}],"collection":[{"href":"https:\/\/partediario.com.ar\/index.php?rest_route=\/wp\/v2\/posts"}],"about":[{"href":"https:\/\/partediario.com.ar\/index.php?rest_route=\/wp\/v2\/types\/post"}],"author":[{"embeddable":true,"href":"https:\/\/partediario.com.ar\/index.php?rest_route=\/wp\/v2\/users\/2"}],"replies":[{"embeddable":true,"href":"https:\/\/partediario.com.ar\/index.php?rest_route=%2Fwp%2Fv2%2Fcomments&post=8740"}],"version-history":[{"count":1,"href":"https:\/\/partediario.com.ar\/index.php?rest_route=\/wp\/v2\/posts\/8740\/revisions"}],"predecessor-version":[{"id":8742,"href":"https:\/\/partediario.com.ar\/index.php?rest_route=\/wp\/v2\/posts\/8740\/revisions\/8742"}],"wp:featuredmedia":[{"embeddable":true,"href":"https:\/\/partediario.com.ar\/index.php?rest_route=\/wp\/v2\/media\/8741"}],"wp:attachment":[{"href":"https:\/\/partediario.com.ar\/index.php?rest_route=%2Fwp%2Fv2%2Fmedia&parent=8740"}],"wp:term":[{"taxonomy":"category","embeddable":true,"href":"https:\/\/partediario.com.ar\/index.php?rest_route=%2Fwp%2Fv2%2Fcategories&post=8740"},{"taxonomy":"post_tag","embeddable":true,"href":"https:\/\/partediario.com.ar\/index.php?rest_route=%2Fwp%2Fv2%2Ftags&post=8740"}],"curies":[{"name":"wp","href":"https:\/\/api.w.org\/{rel}","templated":true}]}}