{"id":8772,"date":"2024-10-23T19:29:44","date_gmt":"2024-10-23T22:29:44","guid":{"rendered":"https:\/\/partediario.com.ar\/?p=8772"},"modified":"2024-10-24T11:37:01","modified_gmt":"2024-10-24T14:37:01","slug":"cumbre-entre-cristina-y-kicillof-estela-carloto-espera-reunirlos-este-martes-en-la-plata","status":"publish","type":"post","link":"https:\/\/partediario.com.ar\/?p=8772","title":{"rendered":"Cumbre entre Cristina y Kicillof: Estela Carloto espera reunirlos este martes en La Plata"},"content":{"rendered":"\n<h3 class=\"wp-block-heading\">\u00abEn La Plata vamos a recordar a las 20 la fecha de Abuelas, va a venir Cristina y Kicillof me dijo que va a tratar de llegar\u00bb, se\u00f1al\u00f3 Carlotto en declaraciones radiales, mientras desde el entorno del mandatario provincial manifestaron que har\u00e1 lo posible por \u00abestar\u00bb una vez concluya con su agenda en el interior del distrito.<\/h3>\n\n\n\n<p>Minutos atr\u00e1s se confirm\u00f3 a la redacci\u00f3n de <strong>PARTE DIARIO<\/strong>, que Kicillof sali\u00f3 para participar del evento de las Abuelas.<\/p>\n\n\n\n<p>Este encuentro ser\u00e1 la primera oportunidad en la que Kicillof y Fern\u00e1ndez de Kirchner compartir\u00e1n escenario desde que explotara la interna por la conducci\u00f3n del PJ, donde el kirchnerismo le reclama al gobernador bonaerense que apoye expl\u00edcitamente a la ex jefa de Estado en su disputa partidaria con el mandatario de La Rioja, Ricardo Quintela.<\/p>\n\n\n\n<p>Kicillof hab\u00eda pedido el s\u00e1bado pasado por la \u00abunidad\u00bb en el peronismo y llam\u00f3 a dejar de \u00abreproducir\u00bb las \u00abmetodolog\u00edas y conductas\u00bb que llevaron al espacio opositor a la derrota en las elecciones presidenciales del a\u00f1o pasado.<\/p>\n\n\n\n<p>\u00abEncontremos la unidad y dejemos de reproducir metodolog\u00edas conductas que nos trajeron hasta ac\u00e1\u00bb, se\u00f1al\u00f3 Kicillof, en una carta que hizo p\u00fablica para responder a los cuestionamientos de la facci\u00f3n del peronismo que respalda a Cristina Kirchner.<\/p>\n\n\n\n<p>En el mismo documento, el mandatario provincial hizo referencia a la figura de la ex presidenta, quien lo hab\u00eda acusado de ser \u00abPoncio Pilotos\u00bb y un \u00abJudas\u00bb por respaldar, de forma solapada, la candidatura de Quintela.<\/p>\n\n\n\n<p>\u00abCristina est\u00e1 en el coraz\u00f3n del pueblo, tambi\u00e9n en el m\u00edo y no tengo que rendir examen de ese sentimiento\u00bb, apunt\u00f3 Kicillof acerca de la ex vicepresidenta.<\/p>\n\n\n\n<p>Con relaci\u00f3n a los desacuerdos dentro del PJ, el gobernador se\u00f1al\u00f3 que nadie de esperar que \u00ablibre una guerra interna; la historia no nos lo perdonar\u00eda y el futuro tampoco\u00bb.<\/p>\n\n\n\n<p>Y agreg\u00f3 que no quiere \u00abestimular peleas entre compa\u00f1eros\u00bb pero tampoco puede \u00abconvalidar el equivocado mecanismo de que cualquier diferencia o cr\u00edtica desate el disciplinamiento\u00bb.<\/p>\n\n\n\n<p>La disputa entre la ex jefa de Estado y el gobernador de bonaerense se da en el marco de la interna por la conducci\u00f3n del PJ, que se encamina a elegir autoridades el pr\u00f3ximo 17 de noviembre.<\/p>\n","protected":false},"excerpt":{"rendered":"<p>&laquo;En La Plata vamos a recordar a las 20 la fecha de Abuelas, va a venir Cristina y Kicillof me dijo que va a tratar de llegar&raquo;, se&ntilde;al&oacute; Carlotto en declaraciones radiales, mientras desde el entorno del mandatario provincial manifestaron que har&aacute; lo posible por &laquo;estar&raquo; una vez concluya con su agenda en el interior [&hellip;]<\/p>\n","protected":false},"author":2,"featured_media":8773,"comment_status":"open","ping_status":"open","sticky":false,"template":"","format":"standard","meta":{"footnotes":""},"categories":[5,176],"tags":[1112,518,3961,2929],"class_list":["post-8772","post","type-post","status-publish","format-standard","has-post-thumbnail","hentry","category-nacionales","category-politica","tag-axel-kicillof","tag-cristina-kirchner","tag-estela-carloto","tag-la-plata"],"_links":{"self":[{"href":"https:\/\/partediario.com.ar\/index.php?rest_route=\/wp\/v2\/posts\/8772","targetHints":{"allow":["GET"]}}],"collection":[{"href":"https:\/\/partediario.com.ar\/index.php?rest_route=\/wp\/v2\/posts"}],"about":[{"href":"https:\/\/partediario.com.ar\/index.php?rest_route=\/wp\/v2\/types\/post"}],"author":[{"embeddable":true,"href":"https:\/\/partediario.com.ar\/index.php?rest_route=\/wp\/v2\/users\/2"}],"replies":[{"embeddable":true,"href":"https:\/\/partediario.com.ar\/index.php?rest_route=%2Fwp%2Fv2%2Fcomments&post=8772"}],"version-history":[{"count":1,"href":"https:\/\/partediario.com.ar\/index.php?rest_route=\/wp\/v2\/posts\/8772\/revisions"}],"predecessor-version":[{"id":8774,"href":"https:\/\/partediario.com.ar\/index.php?rest_route=\/wp\/v2\/posts\/8772\/revisions\/8774"}],"wp:featuredmedia":[{"embeddable":true,"href":"https:\/\/partediario.com.ar\/index.php?rest_route=\/wp\/v2\/media\/8773"}],"wp:attachment":[{"href":"https:\/\/partediario.com.ar\/index.php?rest_route=%2Fwp%2Fv2%2Fmedia&parent=8772"}],"wp:term":[{"taxonomy":"category","embeddable":true,"href":"https:\/\/partediario.com.ar\/index.php?rest_route=%2Fwp%2Fv2%2Fcategories&post=8772"},{"taxonomy":"post_tag","embeddable":true,"href":"https:\/\/partediario.com.ar\/index.php?rest_route=%2Fwp%2Fv2%2Ftags&post=8772"}],"curies":[{"name":"wp","href":"https:\/\/api.w.org\/{rel}","templated":true}]}}