{"id":8779,"date":"2024-10-24T11:01:20","date_gmt":"2024-10-24T14:01:20","guid":{"rendered":"https:\/\/partediario.com.ar\/?p=8779"},"modified":"2024-10-25T15:53:16","modified_gmt":"2024-10-25T18:53:16","slug":"el-ejercito-argentino-controlara-las-fronteras-del-norte-del-pais","status":"publish","type":"post","link":"https:\/\/partediario.com.ar\/?p=8779","title":{"rendered":"El Ej\u00e9rcito Argentino controlar\u00e1 las fronteras del norte del pa\u00eds"},"content":{"rendered":"\n<h3 class=\"wp-block-heading\">El Gobierno Nacional desplegar\u00e1 tropas del Ej\u00e9rcito Argentino en las fronteras con Paraguay, Bolivia y Brasil.<\/h3>\n\n\n\n<p>Argentina enviar\u00e1 tropas del Ej\u00e9rcito a las fronteras en el norte del pa\u00eds que colindan con Paraguay, Bolivia y Brasil. La intenci\u00f3n es que puedan realizar tareas de \u201ccontrol y vigilancia\u201d en zonas donde no haya puestos fronterizos de Gendarmer\u00eda Nacional.<\/p>\n\n\n\n<p>As\u00ed lo confirm\u00f3 el ministro de Defensa Luis Petri, quien envi\u00f3 a la Ministra de Seguridad, Patricia Bullrich, un proyecto para modificar el decreto 727\/2006 que limita a las Fuerzas Armadas a combatir solo a otros estados, excluyendo a organizaciones terroristas o del crimen organizado, y ampliar el alcance actual.<\/p>\n\n\n\n<p>La intenci\u00f3n es que el decreto lo firme el presidente Javier Milei la semana pr\u00f3xima, y busca que soldados del Ej\u00e9rcito, a petici\u00f3n del ministerio de Seguridad, est\u00e9n en zonas fronterizas en las zonas por donde pasan los narcotraficantes y delincuentes del crimen organizado.<\/p>\n\n\n\n<p>El redespliegue se llevar\u00eda a cabo en las fronteras con Brasil, Paraguay y Bolivia, es decir en zonas de Jujuy, Salta y Formosa, entre otras provincias. Por ahora la frontera con Chile no es la prioridad, por lo que esos l\u00edmites por ahora no est\u00e1n en discusi\u00f3n.<\/p>\n\n\n\n<p>La intenci\u00f3n es que los soldados desplegados ayuden a sus pares de Paraguay que sufren ataques de narcotraficantes en las fronteras y del guerrillero Ej\u00e9rcito del Pueblo Paraguayo, ya que de all\u00ed llegan al pa\u00eds los mayores cargamentos de marihuana.<\/p>\n\n\n\n<p><strong>Se proyectan otros cambios<\/strong><\/p>\n\n\n\n<p>Petri adem\u00e1s busca lograr la modificaci\u00f3n al decreto ley 15.385 que dice que las Fuerzas Armadas podr\u00e1n reforzar la seguridad de las fronteras, y calific\u00f3 al operativo Escudo Norte del gobierno anterior, como \u00abun fracaso\u00bb.<\/p>\n\n\n\n<p>El Ministro inaugur\u00f3 la XVI Conferencia de Ministros de Defensa de las Am\u00e9ricas en Mendoza, y expres\u00f3 que uno de los objetivos es luchar contra los \u201cgrupos criminales transnacionales, narcotr\u00e1fico, terrorismo y sus redes de apoyo, la pesca ilegal, la miner\u00eda il\u00edcita, el tr\u00e1fico de personas y la quema intencional de bosques, as\u00ed como los desplazamientos forzados por persecuci\u00f3n pol\u00edtica o falta de desarrollo, representan desaf\u00edos complejos para nuestra regi\u00f3n\u201d.<\/p>\n","protected":false},"excerpt":{"rendered":"<p>El Gobierno Nacional desplegar&aacute; tropas del Ej&eacute;rcito Argentino en las fronteras con Paraguay, Bolivia y Brasil. Argentina enviar&aacute; tropas del Ej&eacute;rcito a las fronteras en el norte del pa&iacute;s que colindan con Paraguay, Bolivia y Brasil. La intenci&oacute;n es que puedan realizar tareas de &ldquo;control y vigilancia&rdquo; en zonas donde no haya puestos fronterizos de [&hellip;]<\/p>\n","protected":false},"author":2,"featured_media":8780,"comment_status":"open","ping_status":"open","sticky":false,"template":"","format":"standard","meta":{"footnotes":""},"categories":[5,176],"tags":[3964,3966,566,3965],"class_list":["post-8779","post","type-post","status-publish","format-standard","has-post-thumbnail","hentry","category-nacionales","category-politica","tag-ejercito-argentino","tag-fronteras","tag-luis-petri","tag-norte"],"_links":{"self":[{"href":"https:\/\/partediario.com.ar\/index.php?rest_route=\/wp\/v2\/posts\/8779","targetHints":{"allow":["GET"]}}],"collection":[{"href":"https:\/\/partediario.com.ar\/index.php?rest_route=\/wp\/v2\/posts"}],"about":[{"href":"https:\/\/partediario.com.ar\/index.php?rest_route=\/wp\/v2\/types\/post"}],"author":[{"embeddable":true,"href":"https:\/\/partediario.com.ar\/index.php?rest_route=\/wp\/v2\/users\/2"}],"replies":[{"embeddable":true,"href":"https:\/\/partediario.com.ar\/index.php?rest_route=%2Fwp%2Fv2%2Fcomments&post=8779"}],"version-history":[{"count":1,"href":"https:\/\/partediario.com.ar\/index.php?rest_route=\/wp\/v2\/posts\/8779\/revisions"}],"predecessor-version":[{"id":8781,"href":"https:\/\/partediario.com.ar\/index.php?rest_route=\/wp\/v2\/posts\/8779\/revisions\/8781"}],"wp:featuredmedia":[{"embeddable":true,"href":"https:\/\/partediario.com.ar\/index.php?rest_route=\/wp\/v2\/media\/8780"}],"wp:attachment":[{"href":"https:\/\/partediario.com.ar\/index.php?rest_route=%2Fwp%2Fv2%2Fmedia&parent=8779"}],"wp:term":[{"taxonomy":"category","embeddable":true,"href":"https:\/\/partediario.com.ar\/index.php?rest_route=%2Fwp%2Fv2%2Fcategories&post=8779"},{"taxonomy":"post_tag","embeddable":true,"href":"https:\/\/partediario.com.ar\/index.php?rest_route=%2Fwp%2Fv2%2Ftags&post=8779"}],"curies":[{"name":"wp","href":"https:\/\/api.w.org\/{rel}","templated":true}]}}