{"id":8795,"date":"2024-10-24T11:35:22","date_gmt":"2024-10-24T14:35:22","guid":{"rendered":"https:\/\/partediario.com.ar\/?p=8795"},"modified":"2024-10-25T15:52:49","modified_gmt":"2024-10-25T18:52:49","slug":"sorpresivo-giro-en-el-caso-loan-pena-liberaron-a-siete-de-los-diez-detenidos-de-la-fundacion-dupuy","status":"publish","type":"post","link":"https:\/\/partediario.com.ar\/?p=8795","title":{"rendered":"Sorpresivo giro en el caso Loan Pe\u00f1a: liberaron a siete de los diez detenidos de la Fundaci\u00f3n Dupuy"},"content":{"rendered":"\n<h3 class=\"wp-block-heading\">Siete de los diez detenidos pertenecientes a la Fundaci\u00f3n Dupuy acusados de entorpecer la investigaci\u00f3n en el caso Loan Danilo Pe\u00f1a fueron liberados, aunque la C\u00e1mara Federal de Goya anunci\u00f3 que de igual modo contin\u00faan supeditados a la causa.<\/h3>\n\n\n\n<p>En las \u00faltimas horas se registr\u00f3 un giro inesperado en el caso del ni\u00f1o desaparecido en Corrientes despu\u00e9s que los jueces Ram\u00f3n Luis Gonz\u00e1lez, Selva Ang\u00e9lica Spessot y Mirta Gladis Sotelo hayan dictaminado la liberaci\u00f3n de siete de los diez detenidos en la causa paralela.<\/p>\n\n\n\n<p>Se inform\u00f3 que los acusados que fueron excarcelados son Leonardo Rubio; los abogados Elizabeth Cutaia, Delfina Taborda y Alan Ca\u00f1ete; Valeria L\u00f3pez; Pablo N\u00fa\u00f1ez y Pablo Noguera.<\/p>\n\n\n\n<p>No obstante y a pesar de sus excarcelaciones, se indic\u00f3 que seguir\u00e1n procesados por los delitos de violaci\u00f3n de medios de prueba, violaci\u00f3n de secreto profesional, encubrimiento agravado, privaci\u00f3n ileg\u00edtima de la libertad en perjuicio de los menores y falso testimonio. A los abogados acusados adem\u00e1s se les suma la imputaci\u00f3n de usurpaci\u00f3n de t\u00edtulo.<\/p>\n\n\n\n<p>Si bien se tom\u00f3 dicha decisi\u00f3n, los acusados deber\u00e1n cumplir ciertos requisitos como, por ejemplo, no salir del pa\u00eds, presentarse cada cierto tiempo en la Justicia y no tener contacto con los testigos del caso.<\/p>\n\n\n\n<p>En el escrito la C\u00e1mara Federal argumenta que la medida fue autorizada ya que no existe riesgo de fuga, no cuentan con antecedentes penales y poseen arraigo domiciliario, familiar y laboral.<\/p>\n\n\n\n<p>Sin embargo, uno de los puntos llam\u00f3 la atenci\u00f3n. Es que en el escrito se destaca que no se \u201cadvierte que pudieran entorpecer la investigaci\u00f3n\u201d, motivo por el que estuvieron detenidos hasta hace horas y por el que siguen procesados.<\/p>\n","protected":false},"excerpt":{"rendered":"<p>Siete de los diez detenidos pertenecientes a la Fundaci&oacute;n Dupuy acusados de entorpecer la investigaci&oacute;n en el caso Loan Danilo Pe&ntilde;a fueron liberados, aunque la C&aacute;mara Federal de Goya anunci&oacute; que de igual modo contin&uacute;an supeditados a la causa. En las &uacute;ltimas horas se registr&oacute; un giro inesperado en el caso del ni&ntilde;o desaparecido en [&hellip;]<\/p>\n","protected":false},"author":2,"featured_media":8796,"comment_status":"open","ping_status":"open","sticky":false,"template":"","format":"standard","meta":{"footnotes":""},"categories":[979,5],"tags":[465,1577,3979,489,1578],"class_list":["post-8795","post","type-post","status-publish","format-standard","has-post-thumbnail","hentry","category-judiciales","category-nacionales","tag-detenidos","tag-fundacion","tag-liberaron","tag-loan-danilo-pena","tag-lucio-dupuy"],"_links":{"self":[{"href":"https:\/\/partediario.com.ar\/index.php?rest_route=\/wp\/v2\/posts\/8795","targetHints":{"allow":["GET"]}}],"collection":[{"href":"https:\/\/partediario.com.ar\/index.php?rest_route=\/wp\/v2\/posts"}],"about":[{"href":"https:\/\/partediario.com.ar\/index.php?rest_route=\/wp\/v2\/types\/post"}],"author":[{"embeddable":true,"href":"https:\/\/partediario.com.ar\/index.php?rest_route=\/wp\/v2\/users\/2"}],"replies":[{"embeddable":true,"href":"https:\/\/partediario.com.ar\/index.php?rest_route=%2Fwp%2Fv2%2Fcomments&post=8795"}],"version-history":[{"count":1,"href":"https:\/\/partediario.com.ar\/index.php?rest_route=\/wp\/v2\/posts\/8795\/revisions"}],"predecessor-version":[{"id":8797,"href":"https:\/\/partediario.com.ar\/index.php?rest_route=\/wp\/v2\/posts\/8795\/revisions\/8797"}],"wp:featuredmedia":[{"embeddable":true,"href":"https:\/\/partediario.com.ar\/index.php?rest_route=\/wp\/v2\/media\/8796"}],"wp:attachment":[{"href":"https:\/\/partediario.com.ar\/index.php?rest_route=%2Fwp%2Fv2%2Fmedia&parent=8795"}],"wp:term":[{"taxonomy":"category","embeddable":true,"href":"https:\/\/partediario.com.ar\/index.php?rest_route=%2Fwp%2Fv2%2Fcategories&post=8795"},{"taxonomy":"post_tag","embeddable":true,"href":"https:\/\/partediario.com.ar\/index.php?rest_route=%2Fwp%2Fv2%2Ftags&post=8795"}],"curies":[{"name":"wp","href":"https:\/\/api.w.org\/{rel}","templated":true}]}}