{"id":8812,"date":"2024-10-24T18:56:29","date_gmt":"2024-10-24T21:56:29","guid":{"rendered":"https:\/\/partediario.com.ar\/?p=8812"},"modified":"2024-10-25T15:52:30","modified_gmt":"2024-10-25T18:52:30","slug":"la-uta-decide-manana-su-adhesion-al-paro-de-transporte-en-ningun-momento-dijimos-que-no-nos-ibamos-a-sumar-destacaron","status":"publish","type":"post","link":"https:\/\/partediario.com.ar\/?p=8812","title":{"rendered":"La UTA decide ma\u00f1ana su adhesi\u00f3n al paro de transporte: \u00abEn ning\u00fan momento dijimos que no nos \u00edbamos a sumar\u00bb, destacaron"},"content":{"rendered":"\n<h3 class=\"wp-block-heading\">La Uni\u00f3n Tranviarios Automotor (UTA) analizar\u00e1 ma\u00f1ana su posible adhesi\u00f3n al paro de transporte que los gremios que integran la Mesa Nacional del Transporte convocaron para el pr\u00f3ximo mi\u00e9rcoles 30 de octubre en rechazo a las pol\u00edticas del Gobierno.<\/h3>\n\n\n\n<p>As\u00ed lo adelant\u00f3 en declaraciones radiales, en las \u00faltimas horas, el Secretario General de UTA gremio, Roberto Fern\u00e1ndez, que indic\u00f3 que \u201cen ning\u00fan momento dijimos que no nos \u00edbamos a sumar a la medida de fuerza. No dijimos ni que s\u00ed ni que no\u201d.<\/p>\n\n\n\n<p>El dirigente gremial dijo que a\u00fan no marcaron su posici\u00f3n porque est\u00e1n en medio de \u00abuna conciliaci\u00f3n obligatoria\u00bb, pero que realizar\u00e1n un c\u00f3nclave ma\u00f1ana para definir si se suman a la huelga.<\/p>\n\n\n\n<p>\u00abEstamos con problemas nuestros, con una conciliaci\u00f3n obligatoria. El viernes tenemos una reuni\u00f3n, vamos a conversar con los muchachos y nos vamos a adherir si los compa\u00f1eros quieren. Primero est\u00e1n los nuestros\u00bb, expres\u00f3 el jefe de la UTA.<\/p>\n\n\n\n<p>El gremio de colectiveros que comanda Fern\u00e1ndez est\u00e1 en medio de una conciliaci\u00f3n obligatoria que vence el pr\u00f3ximo 28 de octubre, y con posterioridad a esa fecha los choferes podr\u00edan sumarse al paro de transporte.<\/p>\n\n\n\n<p>Mientras tanto, el triunviro de la CGT, Pablo Moyano y el secretario general de Camioneros, Hugo Moyano, encabezaron el martes \u00faltimo una reuni\u00f3n de sindicatos del transporte en la que se ratific\u00f3 el paro anunciado para el mi\u00e9rcoles de la semana pr\u00f3xima, y que afectar\u00e1 a camiones, trenes, subtes, aviones y barcos.<\/p>\n\n\n\n<p>El paro es contra \u00abel ajuste impulsado por el gobierno de Javier Milei, el aumento de los boletos tras la quita de subsidios, el intento de privatizaci\u00f3n de Aerol\u00edneas Argentinas, el ataque a los jubilados y en rechazo al aumento de la pobreza\u00bb.<\/p>\n","protected":false},"excerpt":{"rendered":"<p>La Uni&oacute;n Tranviarios Automotor (UTA) analizar&aacute; ma&ntilde;ana su posible adhesi&oacute;n al paro de transporte que los gremios que integran la Mesa Nacional del Transporte convocaron para el pr&oacute;ximo mi&eacute;rcoles 30 de octubre en rechazo a las pol&iacute;ticas del Gobierno. As&iacute; lo adelant&oacute; en declaraciones radiales, en las &uacute;ltimas horas, el Secretario General de UTA gremio, [&hellip;]<\/p>\n","protected":false},"author":2,"featured_media":8813,"comment_status":"open","ping_status":"open","sticky":false,"template":"","format":"standard","meta":{"footnotes":""},"categories":[978,5],"tags":[3986,226,691,2185,1479],"class_list":["post-8812","post","type-post","status-publish","format-standard","has-post-thumbnail","hentry","category-gremiales","category-nacionales","tag-adhesion","tag-cgt","tag-paro","tag-transporte","tag-uta"],"_links":{"self":[{"href":"https:\/\/partediario.com.ar\/index.php?rest_route=\/wp\/v2\/posts\/8812","targetHints":{"allow":["GET"]}}],"collection":[{"href":"https:\/\/partediario.com.ar\/index.php?rest_route=\/wp\/v2\/posts"}],"about":[{"href":"https:\/\/partediario.com.ar\/index.php?rest_route=\/wp\/v2\/types\/post"}],"author":[{"embeddable":true,"href":"https:\/\/partediario.com.ar\/index.php?rest_route=\/wp\/v2\/users\/2"}],"replies":[{"embeddable":true,"href":"https:\/\/partediario.com.ar\/index.php?rest_route=%2Fwp%2Fv2%2Fcomments&post=8812"}],"version-history":[{"count":1,"href":"https:\/\/partediario.com.ar\/index.php?rest_route=\/wp\/v2\/posts\/8812\/revisions"}],"predecessor-version":[{"id":8814,"href":"https:\/\/partediario.com.ar\/index.php?rest_route=\/wp\/v2\/posts\/8812\/revisions\/8814"}],"wp:featuredmedia":[{"embeddable":true,"href":"https:\/\/partediario.com.ar\/index.php?rest_route=\/wp\/v2\/media\/8813"}],"wp:attachment":[{"href":"https:\/\/partediario.com.ar\/index.php?rest_route=%2Fwp%2Fv2%2Fmedia&parent=8812"}],"wp:term":[{"taxonomy":"category","embeddable":true,"href":"https:\/\/partediario.com.ar\/index.php?rest_route=%2Fwp%2Fv2%2Fcategories&post=8812"},{"taxonomy":"post_tag","embeddable":true,"href":"https:\/\/partediario.com.ar\/index.php?rest_route=%2Fwp%2Fv2%2Ftags&post=8812"}],"curies":[{"name":"wp","href":"https:\/\/api.w.org\/{rel}","templated":true}]}}