{"id":8821,"date":"2024-10-25T14:41:12","date_gmt":"2024-10-25T17:41:12","guid":{"rendered":"https:\/\/partediario.com.ar\/?p=8821"},"modified":"2024-10-26T11:41:55","modified_gmt":"2024-10-26T14:41:55","slug":"frigerio-uno-de-los-cinco-dirigentes-nacionales-con-imagen-positiva","status":"publish","type":"post","link":"https:\/\/partediario.com.ar\/?p=8821","title":{"rendered":"Frigerio uno de los cinco dirigentes nacionales con imagen positiva"},"content":{"rendered":"\n<h3 class=\"wp-block-heading\">El gobernador Rogelio Frigerio figura como uno de los cinco dirigentes nacionales que tienen un diferencial positivo en su consideraci\u00f3n p\u00fablica, de acuerdo a una encuesta publicada por las consultoras D\u2019Alessio \u2013 Irol &#8211; Berensztein.<\/h3>\n\n\n\n<p>El estudio de humor social y pol\u00edtico que realizaron las tres encuestadoras se concret\u00f3 entre el 27 y el 30 de septiembre sobre un total nacional de 1.161 casos.<\/p>\n\n\n\n<p><\/p>\n\n\n\n<figure class=\"wp-block-image size-full\"><img loading=\"lazy\" decoding=\"async\" width=\"768\" height=\"768\" src=\"https:\/\/partediario.com.ar\/wp-content\/uploads\/sm-5.webp\" alt=\"\" class=\"wp-image-8843\" srcset=\"https:\/\/partediario.com.ar\/wp-content\/uploads\/sm-5.webp 768w, https:\/\/partediario.com.ar\/wp-content\/uploads\/sm-5-300x300.webp 300w, https:\/\/partediario.com.ar\/wp-content\/uploads\/sm-5-150x150.webp 150w\" sizes=\"auto, (max-width: 768px) 100vw, 768px\" \/><\/figure>\n\n\n\n<p><\/p>\n\n\n\n<p>De los 20 dirigentes que fueron auscultados, s\u00f3lo 5 quedaron con saldo favorable de imagen. Se trata de Villarruel quien registr\u00f3 52% de positiva, 44% de negativa (+8) y 4% de desconocimiento. La siguen Patricia Bullrich (51\/46\/+5); el jefe de Gabinete Guillermo Francos (50\/38\/+12); la Canciller Diana Mondino (46\/45\/+1) y Frigerio (43\/38\/+5).<\/p>\n\n\n\n<p>El gobernador de Entre R\u00edos es, adem\u00e1s, el \u00fanico pol\u00edtico no libertario y que no tiene exposici\u00f3n diaria en medios nacionales que se ubica en el tope de las mediciones de D\u2019Alessio \u2013 Irol \u2013 Berensztein.<\/p>\n\n\n\n<p>El presidente Javier Milei mantiene un alto nivel de acompa\u00f1amiento. Un 42% de los encuestados asegur\u00f3 tener una imagen buena del mandatario. No obstante, un 52% afirm\u00f3 lo contrario, por lo que su saldo es negativo: -10.<\/p>\n\n\n\n<p>Entre los dirigentes opositores, el que primero aparece en el ranking es el gobernador de Buenos Aires Axel Kicillof. Un 36% expres\u00f3 que tiene una imagen positiva del ex ministro de Econom\u00eda pero el 60% sostuvo lo contrario, lo que arroja un diferencial de -24.<\/p>\n","protected":false},"excerpt":{"rendered":"<p>El gobernador Rogelio Frigerio figura como uno de los cinco dirigentes nacionales que tienen un diferencial positivo en su consideraci&oacute;n p&uacute;blica, de acuerdo a una encuesta publicada por las consultoras D&rsquo;Alessio &ndash; Irol &ndash; Berensztein. El estudio de humor social y pol&iacute;tico que realizaron las tres encuestadoras se concret&oacute; entre el 27 y el 30 [&hellip;]<\/p>\n","protected":false},"author":2,"featured_media":8822,"comment_status":"open","ping_status":"open","sticky":false,"template":"","format":"standard","meta":{"footnotes":""},"categories":[5,176],"tags":[1111,3987,3988,245,233],"class_list":["post-8821","post","type-post","status-publish","format-standard","has-post-thumbnail","hentry","category-nacionales","category-politica","tag-encuesta","tag-imagen","tag-positiva","tag-rogelio-frigerio","tag-victoria-villarruel"],"_links":{"self":[{"href":"https:\/\/partediario.com.ar\/index.php?rest_route=\/wp\/v2\/posts\/8821","targetHints":{"allow":["GET"]}}],"collection":[{"href":"https:\/\/partediario.com.ar\/index.php?rest_route=\/wp\/v2\/posts"}],"about":[{"href":"https:\/\/partediario.com.ar\/index.php?rest_route=\/wp\/v2\/types\/post"}],"author":[{"embeddable":true,"href":"https:\/\/partediario.com.ar\/index.php?rest_route=\/wp\/v2\/users\/2"}],"replies":[{"embeddable":true,"href":"https:\/\/partediario.com.ar\/index.php?rest_route=%2Fwp%2Fv2%2Fcomments&post=8821"}],"version-history":[{"count":2,"href":"https:\/\/partediario.com.ar\/index.php?rest_route=\/wp\/v2\/posts\/8821\/revisions"}],"predecessor-version":[{"id":8844,"href":"https:\/\/partediario.com.ar\/index.php?rest_route=\/wp\/v2\/posts\/8821\/revisions\/8844"}],"wp:featuredmedia":[{"embeddable":true,"href":"https:\/\/partediario.com.ar\/index.php?rest_route=\/wp\/v2\/media\/8822"}],"wp:attachment":[{"href":"https:\/\/partediario.com.ar\/index.php?rest_route=%2Fwp%2Fv2%2Fmedia&parent=8821"}],"wp:term":[{"taxonomy":"category","embeddable":true,"href":"https:\/\/partediario.com.ar\/index.php?rest_route=%2Fwp%2Fv2%2Fcategories&post=8821"},{"taxonomy":"post_tag","embeddable":true,"href":"https:\/\/partediario.com.ar\/index.php?rest_route=%2Fwp%2Fv2%2Ftags&post=8821"}],"curies":[{"name":"wp","href":"https:\/\/api.w.org\/{rel}","templated":true}]}}