{"id":8830,"date":"2024-10-25T15:13:20","date_gmt":"2024-10-25T18:13:20","guid":{"rendered":"https:\/\/partediario.com.ar\/?p=8830"},"modified":"2024-10-26T11:41:41","modified_gmt":"2024-10-26T14:41:41","slug":"sobre-kicillof-cristina-tenia-una-debilidad-enorme-por-el-lo-que-hace-no-le-va-a-salir-bien-senalo-maximo-kirchner","status":"publish","type":"post","link":"https:\/\/partediario.com.ar\/?p=8830","title":{"rendered":"Sobre Kicillof: \u00abCristina ten\u00eda una debilidad enorme por \u00e9l, lo que hace no le va a salir bien\u00bb, se\u00f1al\u00f3 M\u00e1ximo Kirchner"},"content":{"rendered":"\n<h3 class=\"wp-block-heading\">El diputado y presidente del Partido Justicialista de la provincia de Buenos Aires, M\u00e1ximo Kirchner, cuestion\u00f3 al gobernador provincial, Axel Kicillof, por no respaldar a la ex presidenta Cristina Kirchner como candidata a liderar el Justicialismo.<\/h3>\n\n\n\n<p>\u00abCristina ten\u00eda una debilidad enorme por \u00e9l\u00bb, expres\u00f3 M\u00e1ximo Kirchner sobre el mandatario bonaerense en declaraciones radiales.<\/p>\n\n\n\n<p>Adem\u00e1s, consider\u00f3 que la jugada \u00abno le va a salir bien\u00bb, a quien cuestiona por no apoyar la candidatura de la ex mandataria nacional en la disputa contra el gobernador de La Rioja, Ricardo Quintela.<\/p>\n\n\n\n<p>\u00abS\u00ed, s\u00ed, se han juntado varios de la provincia de Buenos Aires. No lo tomo como una traici\u00f3n, no puedo explicar a los dem\u00e1s\u00bb, manifest\u00f3 el legislador, al ser consultado sobre la lista que encabeza Quintela.<\/p>\n\n\n\n<p>\u00abNo se hacen esas cosas, no est\u00e1 bien, no est\u00e1 bien porque ten\u00e9s que tener motivos pol\u00edticos para decir \u2018yo apoyo esto\u2019, y tienen que ser realidades\u00bb, argument\u00f3 M\u00e1ximo Kirchner, al hablar abiertamente de la interna que exite con Kicillof.<\/p>\n\n\n\n<p>Y apunt\u00f3: \u00abLes quiero decir que tampoco les va a salir bien, ya lo intent\u00f3 Alberto (Fern\u00e1ndez) el tema de las formas, empez\u00f3 a pensar en \u00e9l mismo, y sali\u00f3 mal\u00bb.<\/p>\n\n\n\n<p>Rechaz\u00f3 adem\u00e1s estar a la cabeza de una operaci\u00f3n contra el gobernador provincial y se\u00f1al\u00f3 que le parece \u00abal rev\u00e9s el esmerilamiento, y es todo el santo d\u00eda y el periodismo lo sabe\u00bb.<\/p>\n\n\n\n<p>\u00abLos compa\u00f1eros que se sumaron a los ministerios de Axel fueron a trabajar\u2026 ser\u00eda bueno que uno diga, \u2018me mandaron a hacer una zancadilla\u2019, que no fue as\u00ed. Yo no me manejo por resentimientos personales ni pienso la pol\u00edtica en t\u00e9rminos de d\u00f3nde quedo yo, pero hay muchos que piensan, \u2018\u00bfd\u00f3nde est\u00e1 mi lugar?\u2019\u00bb, dijo M\u00e1ximo Kirchner en declaraciones radiales.<\/p>\n\n\n\n<p>\u00abA m\u00ed nadie me escuch\u00f3 hablar de listas, pero uno queda embadurnado porque otros lo hacen y termina todo como una tergiversaci\u00f3n grande\u2026 Es una pena, porque a m\u00ed me llam\u00e1s por tel\u00e9fono y podemos debatir horas y horas, nunca le escap\u00e9 a la discusi\u00f3n\u00bb, remarc\u00f3 el titular del PJ provincial.<\/p>\n","protected":false},"excerpt":{"rendered":"<p>El diputado y presidente del Partido Justicialista de la provincia de Buenos Aires, M&aacute;ximo Kirchner, cuestion&oacute; al gobernador provincial, Axel Kicillof, por no respaldar a la ex presidenta Cristina Kirchner como candidata a liderar el Justicialismo. &laquo;Cristina ten&iacute;a una debilidad enorme por &eacute;l&raquo;, expres&oacute; M&aacute;ximo Kirchner sobre el mandatario bonaerense en declaraciones radiales. Adem&aacute;s, consider&oacute; [&hellip;]<\/p>\n","protected":false},"author":2,"featured_media":8831,"comment_status":"open","ping_status":"open","sticky":false,"template":"","format":"standard","meta":{"footnotes":""},"categories":[5,176],"tags":[1112,3537,3619,2816],"class_list":["post-8830","post","type-post","status-publish","format-standard","has-post-thumbnail","hentry","category-nacionales","category-politica","tag-axel-kicillof","tag-cristina-kichner","tag-maximo-kirchner","tag-ricardo-quintela"],"_links":{"self":[{"href":"https:\/\/partediario.com.ar\/index.php?rest_route=\/wp\/v2\/posts\/8830","targetHints":{"allow":["GET"]}}],"collection":[{"href":"https:\/\/partediario.com.ar\/index.php?rest_route=\/wp\/v2\/posts"}],"about":[{"href":"https:\/\/partediario.com.ar\/index.php?rest_route=\/wp\/v2\/types\/post"}],"author":[{"embeddable":true,"href":"https:\/\/partediario.com.ar\/index.php?rest_route=\/wp\/v2\/users\/2"}],"replies":[{"embeddable":true,"href":"https:\/\/partediario.com.ar\/index.php?rest_route=%2Fwp%2Fv2%2Fcomments&post=8830"}],"version-history":[{"count":1,"href":"https:\/\/partediario.com.ar\/index.php?rest_route=\/wp\/v2\/posts\/8830\/revisions"}],"predecessor-version":[{"id":8832,"href":"https:\/\/partediario.com.ar\/index.php?rest_route=\/wp\/v2\/posts\/8830\/revisions\/8832"}],"wp:featuredmedia":[{"embeddable":true,"href":"https:\/\/partediario.com.ar\/index.php?rest_route=\/wp\/v2\/media\/8831"}],"wp:attachment":[{"href":"https:\/\/partediario.com.ar\/index.php?rest_route=%2Fwp%2Fv2%2Fmedia&parent=8830"}],"wp:term":[{"taxonomy":"category","embeddable":true,"href":"https:\/\/partediario.com.ar\/index.php?rest_route=%2Fwp%2Fv2%2Fcategories&post=8830"},{"taxonomy":"post_tag","embeddable":true,"href":"https:\/\/partediario.com.ar\/index.php?rest_route=%2Fwp%2Fv2%2Ftags&post=8830"}],"curies":[{"name":"wp","href":"https:\/\/api.w.org\/{rel}","templated":true}]}}