{"id":8845,"date":"2024-10-26T11:19:14","date_gmt":"2024-10-26T14:19:14","guid":{"rendered":"https:\/\/partediario.com.ar\/?p=8845"},"modified":"2024-10-26T11:19:14","modified_gmt":"2024-10-26T14:19:14","slug":"se-presento-oficialmente-la-46-fiesta-nacional-de-la-citricultura","status":"publish","type":"post","link":"https:\/\/partediario.com.ar\/?p=8845","title":{"rendered":"Se present\u00f3 oficialmente la 46\u00b0 Fiesta Nacional de la Citricultura"},"content":{"rendered":"\n<h3 class=\"wp-block-heading\">En la tarde de este viernes, se llev\u00f3 adelante en el Centro de Convenciones de Concordia, el lanzamiento oficial de la cuadrag\u00e9sima sexta edici\u00f3n de la Fiesta Nacional de la Citricultura. La grilla de artistas y el valor de las entradas.<\/h3>\n\n\n\n<p>Este viernes se realiz\u00f3 del lanzamiento oficial de la edici\u00f3n 2024 del tradicional evento concordiense. La presentaci\u00f3n se realiz\u00f3 minutos despu\u00e9s de las 19, en el Centro de Convenciones, con la presencia del intendente Francisco Azcu\u00e9 y del titular de la Asociaci\u00f3n de Citricultores, Walter Silva Muller.<\/p>\n\n\n\n<p>El jefe comunal expres\u00f3 que la fiesta \u00abes parte de nuestro patrimonio cultural, es mucho m\u00e1s que un evento, porque la citricultura es una actividad que nos representa, somos la Capital Nacional de la Citricultura, es una actividad econ\u00f3mica, productiva, que tiene un arraigo muy importante en nuestra regi\u00f3n, as\u00ed que esto simboliza muchas cosas desde lo cultural\u00bb.<\/p>\n\n\n\n<p>En esa l\u00ednea Azcu\u00e9 subray\u00f3 que:\u00bbvamos a trabajar para hacer una fiesta que nos ponga en la vidriera nacional, nos va a ver el pa\u00eds y el mundo y tenemos que estar a la altura de las circunstancias\u00bb.<\/p>\n\n\n\n<p><strong>Apoyos<\/strong><\/p>\n\n\n\n<p>El intendente de Concordia mencion\u00f3 que \u00abtodo lo que nosotros hacemos va de la mano y pone al privado en el centro de la escena, tambi\u00e9n a las instituciones y a la sociedad civil\u00bb.<\/p>\n\n\n\n<p>Y argument\u00f3, \u00abla fiesta es de los concordiense, no es del municipio, no es de la gesti\u00f3n, no es de un intendente y de esa manera va a salir una buena fiesta, un buen evento que le hace bien a Concordia\u00bb.<\/p>\n\n\n\n<p><strong>Los detalles<\/strong><\/p>\n\n\n\n<p>Sobre los detalles de esta edici\u00f3n, el presidente comunal mencion\u00f3 que \u00abno va a ser solamente una serie de espect\u00e1culos musicales, va a tener otros componentes, va a tener una serie de encuentros, de charlas que tiene que ver con la actividad propiamente dicha, va a tener mucho contenido referido a la citricultura como actividad productiva, va a tener varios espacios ac\u00e1 en el Centro de Convenciones y tambi\u00e9n vamos a desarrollar una serie de actividades que ya las vamos a ir anunciando y vamos a trabajar con instituciones intermedias como la Asociaci\u00f3n de Citricultores\u00bb.<\/p>\n\n\n\n<p>En cuanto a los artistas, confirm\u00f3 finalmente la llegada de la banda entrerriana \u00abKe Personajes y a Ulises Bueno pero tambi\u00e9n en Concordia tenemos muy buenas bandas, muy buenos artistas, que por supuesto que van a ser parte\u00bb, agreg\u00f3.<\/p>\n\n\n\n<p><strong>Cuadro de situaci\u00f3n<\/strong><\/p>\n\n\n\n<p>Finalizando, Azcu\u00e9 record\u00f3 que \u00abestamos pasando por una situaci\u00f3n econ\u00f3mica dif\u00edcil, de hecho muchas fiestas se han suspendido en el pa\u00eds, sobre todo estas fiestas grandes, fiestas nacionales; pero detr\u00e1s de esto hay mucho trabajo, mucho esfuerzo y quiero transmitirles eso a los concordienses\u00bb, y acot\u00f3, \u00abes muy importante porque nos moviliza, porque nos visibiliza en todo el pa\u00eds y porque la ciudad necesita mostrarse\u00bb.<\/p>\n\n\n\n<p>Asimismo, desliz\u00f3 la posibilidad de subirse al escenario en su rol de m\u00fasico. \u00abEsta vez vamos a trabajar como intendente, en la ultima fiesta sub\u00ed a tocar as\u00ed que no esta vez pero como intendente vamos a trabajar\u00bb, mencion\u00f3. Aunque no lo descart\u00f3 del todo, diciendo que \u00abnunca se sabe, por ah\u00ed hay una invitaci\u00f3n y uno se sube pero no dentro de la grilla confirmada\u00bb.<\/p>\n\n\n\n<p>Por su parte, el titular de la Asociaci\u00f3n de Citricultores, Walter Silva Muller agradeci\u00f3 al p\u00fablico presente el \u00abparticipar en este lanzamiento\u00bb y record\u00f3 que \u00abes una fiesta muy importante, que a nivel nacional es reconocida, con las embajadoras que nos representan afuera, en otras fiestas\u00bb.<\/p>\n\n\n\n<p>Y se\u00f1al\u00f3, que es \u00abun punto de encuentro entre los productores, la gente que trabaja en la cadena citr\u00edcola y todos los consumidores\u00bb.<\/p>\n\n\n\n<p>Sobre las caracter\u00edsticas de esta edici\u00f3n, el dirigente precis\u00f3 que \u00abesta fiesta es m\u00e1s que un show musical y por eso este a\u00f1o se encara con mucha fuerza, tratando de reflotar la famosa Expocitrus, buscando trabajar con las empresas locales y mostrando lo que se hace todo el a\u00f1o en la actividad\u00bb.<\/p>\n\n\n\n<p>Silva Muller confirm\u00f3 que \u00abla Provincia tambi\u00e9n se suma a colaborar y la C\u00e1mara de Diputados acaba de confirmar su apoyo\u00bb.<\/p>\n\n\n\n<p>En cuanto al presente y al futuro inmediato del sector, se\u00f1al\u00f3 que \u00abhoy el mercado de jugos es un mercado muy interesante, est\u00e1 creciendo, Concordia tiene el potencial de crecer mucho m\u00e1s todav\u00eda en este sector, en la exportaci\u00f3n de c\u00edtricos dulces, entonces, la idea es contar todo esto y trabajar en conjunto, buscando que podamos sumar esfuerzos con las autoridades para mejorar\u00bb.<\/p>\n\n\n\n<p><strong>Ficha T\u00e9cnica<\/strong><\/p>\n\n\n\n<p>El evento se realizar\u00e1 los d\u00edas 6, 7 y 8 de diciembre en el predio del Parque Central (ex Estaci\u00f3n Concordia Norte).<\/p>\n\n\n\n<p>Entre los artistas de alcance nacional llegar\u00e1 Miguel Figueroa el viernes 6, la banda Ke Personajes el s\u00e1bado 7 y Ulises Bueno, el domingo 8.<\/p>\n\n\n\n<p>Seg\u00fan se anticip\u00f3, con el valor de las entradas se sortear\u00e1 un auto 0 KM y se ofertar\u00e1 un bono de 9 mil pesos para pagar las tres noches. Adem\u00e1s, se aclar\u00f3 que menores de 12 a\u00f1os no abonar\u00e1n.<\/p>\n","protected":false},"excerpt":{"rendered":"<p>En la tarde de este viernes, se llev&oacute; adelante en el Centro de Convenciones de Concordia, el lanzamiento oficial de la cuadrag&eacute;sima sexta edici&oacute;n de la Fiesta Nacional de la Citricultura. La grilla de artistas y el valor de las entradas. Este viernes se realiz&oacute; del lanzamiento oficial de la edici&oacute;n 2024 del tradicional evento [&hellip;]<\/p>\n","protected":false},"author":2,"featured_media":8846,"comment_status":"open","ping_status":"open","sticky":false,"template":"","format":"standard","meta":{"footnotes":""},"categories":[3272,726],"tags":[398,3998,497,3997,3999],"class_list":["post-8845","post","type-post","status-publish","format-standard","has-post-thumbnail","hentry","category-municipales","category-sociedad","tag-concordia","tag-fiesta-nacional-de-la-citricultura","tag-francisco-azcue-2","tag-presentacion","tag-walter-silva-muller"],"_links":{"self":[{"href":"https:\/\/partediario.com.ar\/index.php?rest_route=\/wp\/v2\/posts\/8845","targetHints":{"allow":["GET"]}}],"collection":[{"href":"https:\/\/partediario.com.ar\/index.php?rest_route=\/wp\/v2\/posts"}],"about":[{"href":"https:\/\/partediario.com.ar\/index.php?rest_route=\/wp\/v2\/types\/post"}],"author":[{"embeddable":true,"href":"https:\/\/partediario.com.ar\/index.php?rest_route=\/wp\/v2\/users\/2"}],"replies":[{"embeddable":true,"href":"https:\/\/partediario.com.ar\/index.php?rest_route=%2Fwp%2Fv2%2Fcomments&post=8845"}],"version-history":[{"count":1,"href":"https:\/\/partediario.com.ar\/index.php?rest_route=\/wp\/v2\/posts\/8845\/revisions"}],"predecessor-version":[{"id":8847,"href":"https:\/\/partediario.com.ar\/index.php?rest_route=\/wp\/v2\/posts\/8845\/revisions\/8847"}],"wp:featuredmedia":[{"embeddable":true,"href":"https:\/\/partediario.com.ar\/index.php?rest_route=\/wp\/v2\/media\/8846"}],"wp:attachment":[{"href":"https:\/\/partediario.com.ar\/index.php?rest_route=%2Fwp%2Fv2%2Fmedia&parent=8845"}],"wp:term":[{"taxonomy":"category","embeddable":true,"href":"https:\/\/partediario.com.ar\/index.php?rest_route=%2Fwp%2Fv2%2Fcategories&post=8845"},{"taxonomy":"post_tag","embeddable":true,"href":"https:\/\/partediario.com.ar\/index.php?rest_route=%2Fwp%2Fv2%2Ftags&post=8845"}],"curies":[{"name":"wp","href":"https:\/\/api.w.org\/{rel}","templated":true}]}}