{"id":8848,"date":"2024-10-26T11:32:09","date_gmt":"2024-10-26T14:32:09","guid":{"rendered":"https:\/\/partediario.com.ar\/?p=8848"},"modified":"2024-10-26T11:32:10","modified_gmt":"2024-10-26T14:32:10","slug":"comienza-el-cambio-de-canerias-en-la-planta-de-obras-sanitarias-en-gualeguaychu","status":"publish","type":"post","link":"https:\/\/partediario.com.ar\/?p=8848","title":{"rendered":"Comienza el cambio de ca\u00f1er\u00edas en la planta de Obras Sanitarias en Gualeguaych\u00fa"},"content":{"rendered":"\n<h3 class=\"wp-block-heading\">Esta intervenci\u00f3n, que tiene como objetivo restituir el correcto funcionamiento del proceso de potabilizaci\u00f3n, reducir\u00e1 temporalmente la capacidad operativa de la planta en un 40%.<\/h3>\n\n\n\n<p>La obra comenzar\u00e1 el pr\u00f3ximo lunes 28 de octubre, a partir de las 7:00 h. Se trata de una intervenci\u00f3n de car\u00e1cter urgente, que hab\u00eda sido postergada durante un tiempo considerable debido a diversos factores. No obstante, su ejecuci\u00f3n es esencial para garantizar la calidad del suministro de agua potable a la poblaci\u00f3n.<\/p>\n\n\n\n<p>Se solicita la m\u00e1xima colaboraci\u00f3n, haciendo un uso racional y responsable del agua, un recurso estrat\u00e9gico y fundamental en la vida diaria.<\/p>\n\n\n\n<p>La duraci\u00f3n estimada de los trabajos es de aproximadamente 7 d\u00edas. Durante este per\u00edodo, se solicita comprensi\u00f3n ante posibles inconvenientes en la presi\u00f3n o disponibilidad del servicio, ya que se est\u00e1n tomando las medidas necesarias para minimizar el impacto.<\/p>\n\n\n\n<p>La Municipalidad agradece la colaboraci\u00f3n de la ciudadan\u00eda en el uso consciente del agua y reitera el compromiso con el bienestar de todos los habitantes de Gualeguaych\u00fa.<\/p>\n","protected":false},"excerpt":{"rendered":"<p>Esta intervenci&oacute;n, que tiene como objetivo restituir el correcto funcionamiento del proceso de potabilizaci&oacute;n, reducir&aacute; temporalmente la capacidad operativa de la planta en un 40%. La obra comenzar&aacute; el pr&oacute;ximo lunes 28 de octubre, a partir de las 7:00 h. Se trata de una intervenci&oacute;n de car&aacute;cter urgente, que hab&iacute;a sido postergada durante un tiempo [&hellip;]<\/p>\n","protected":false},"author":2,"featured_media":8850,"comment_status":"open","ping_status":"open","sticky":false,"template":"","format":"standard","meta":{"footnotes":""},"categories":[3272],"tags":[4001,203,4002],"class_list":["post-8848","post","type-post","status-publish","format-standard","has-post-thumbnail","hentry","category-municipales","tag-canerias","tag-gualeguaychu","tag-obras-sanitarias"],"_links":{"self":[{"href":"https:\/\/partediario.com.ar\/index.php?rest_route=\/wp\/v2\/posts\/8848","targetHints":{"allow":["GET"]}}],"collection":[{"href":"https:\/\/partediario.com.ar\/index.php?rest_route=\/wp\/v2\/posts"}],"about":[{"href":"https:\/\/partediario.com.ar\/index.php?rest_route=\/wp\/v2\/types\/post"}],"author":[{"embeddable":true,"href":"https:\/\/partediario.com.ar\/index.php?rest_route=\/wp\/v2\/users\/2"}],"replies":[{"embeddable":true,"href":"https:\/\/partediario.com.ar\/index.php?rest_route=%2Fwp%2Fv2%2Fcomments&post=8848"}],"version-history":[{"count":1,"href":"https:\/\/partediario.com.ar\/index.php?rest_route=\/wp\/v2\/posts\/8848\/revisions"}],"predecessor-version":[{"id":8851,"href":"https:\/\/partediario.com.ar\/index.php?rest_route=\/wp\/v2\/posts\/8848\/revisions\/8851"}],"wp:featuredmedia":[{"embeddable":true,"href":"https:\/\/partediario.com.ar\/index.php?rest_route=\/wp\/v2\/media\/8850"}],"wp:attachment":[{"href":"https:\/\/partediario.com.ar\/index.php?rest_route=%2Fwp%2Fv2%2Fmedia&parent=8848"}],"wp:term":[{"taxonomy":"category","embeddable":true,"href":"https:\/\/partediario.com.ar\/index.php?rest_route=%2Fwp%2Fv2%2Fcategories&post=8848"},{"taxonomy":"post_tag","embeddable":true,"href":"https:\/\/partediario.com.ar\/index.php?rest_route=%2Fwp%2Fv2%2Ftags&post=8848"}],"curies":[{"name":"wp","href":"https:\/\/api.w.org\/{rel}","templated":true}]}}