{"id":8859,"date":"2024-10-26T19:50:39","date_gmt":"2024-10-26T22:50:39","guid":{"rendered":"https:\/\/partediario.com.ar\/?p=8859"},"modified":"2024-10-27T21:45:50","modified_gmt":"2024-10-28T00:45:50","slug":"auditorias-en-las-universidades-los-chorros-no-van-a-tener-paz-en-la-argentina-senalo-milei","status":"publish","type":"post","link":"https:\/\/partediario.com.ar\/?p=8859","title":{"rendered":"Auditor\u00edas en las universidades: \u00abLos chorros no van a tener paz en la Argentina\u00bb, se\u00f1al\u00f3 Milei"},"content":{"rendered":"\n<h3 class=\"wp-block-heading\">El presidente Javier Milei afirm\u00f3 que avanzar\u00e1 con las auditor\u00edas en las universidades nacionales p\u00fablicas: \u00abLos chorros no van a tener paz en la Argentina\u00bb.<\/h3>\n\n\n\n<p>As\u00ed lo expres\u00f3 Milei en declaraciones radiales: \u00abLos vamos a auditar. Los chorros no van a tener paz en la Argentina porque el que las hace las paga\u00bb.<\/p>\n\n\n\n<p>Y continu\u00f3: \u00abVoy a ir a buscar los chorros hasta el \u00faltimo rinc\u00f3n de la Argentina y los voy a meter presos. Se acab\u00f3 el curro en la Argentina; se acabaron las castas\u00bb, dispar\u00f3.<\/p>\n\n\n\n<p>Sobre la judicializaci\u00f3n del conflicto entre la Universidad de Buenos Aires y el Gobierno, se\u00f1al\u00f3: \u00abParece que est\u00e1n mucho m\u00e1s sucios todav\u00eda\u00bb.<\/p>\n\n\n\n<p>Ayer, la UBA anunci\u00f3 que llevar\u00eda a Poder Judicial el tema haciendo hincapi\u00e9 en que la intenci\u00f3n del oficialismo por auditar violar\u00eda el principio de autarqu\u00eda de las casa de altos estudios.<\/p>\n\n\n\n<p>Esta ma\u00f1ana, el subsecretario de Pol\u00edticas Universitarias, Alejandro \u00c1lvarez, afirm\u00f3 que las universidades est\u00e1n \u00abviolando\u00bb los derechos de los estudiantes, ante la negativa de ser auditadas.<\/p>\n\n\n\n<p>\u00abEs muy interesante el documento de la UBA. En 2011, la SIGEN hizo una auditor\u00eda y no hubo planteo de nada. Hay un antecedente de la SIGEN de algunas auditor\u00edas. En la Universidad de Tucum\u00e1n hubo fuertes irregularidades con las autoridades\u00bb, manifest\u00f3 \u00c1lvarez en declaraciones radiales.<\/p>\n","protected":false},"excerpt":{"rendered":"<p>El presidente Javier Milei afirm&oacute; que avanzar&aacute; con las auditor&iacute;as en las universidades nacionales p&uacute;blicas: &laquo;Los chorros no van a tener paz en la Argentina&raquo;. As&iacute; lo expres&oacute; Milei en declaraciones radiales: &laquo;Los vamos a auditar. Los chorros no van a tener paz en la Argentina porque el que las hace las paga&raquo;. Y continu&oacute;: [&hellip;]<\/p>\n","protected":false},"author":2,"featured_media":8860,"comment_status":"open","ping_status":"open","sticky":false,"template":"","format":"standard","meta":{"footnotes":""},"categories":[5,176],"tags":[4006,3837,232,3289],"class_list":["post-8859","post","type-post","status-publish","format-standard","has-post-thumbnail","hentry","category-nacionales","category-politica","tag-alejandro-alvarez","tag-auditorias","tag-javier-milei","tag-universidades"],"_links":{"self":[{"href":"https:\/\/partediario.com.ar\/index.php?rest_route=\/wp\/v2\/posts\/8859","targetHints":{"allow":["GET"]}}],"collection":[{"href":"https:\/\/partediario.com.ar\/index.php?rest_route=\/wp\/v2\/posts"}],"about":[{"href":"https:\/\/partediario.com.ar\/index.php?rest_route=\/wp\/v2\/types\/post"}],"author":[{"embeddable":true,"href":"https:\/\/partediario.com.ar\/index.php?rest_route=\/wp\/v2\/users\/2"}],"replies":[{"embeddable":true,"href":"https:\/\/partediario.com.ar\/index.php?rest_route=%2Fwp%2Fv2%2Fcomments&post=8859"}],"version-history":[{"count":1,"href":"https:\/\/partediario.com.ar\/index.php?rest_route=\/wp\/v2\/posts\/8859\/revisions"}],"predecessor-version":[{"id":8861,"href":"https:\/\/partediario.com.ar\/index.php?rest_route=\/wp\/v2\/posts\/8859\/revisions\/8861"}],"wp:featuredmedia":[{"embeddable":true,"href":"https:\/\/partediario.com.ar\/index.php?rest_route=\/wp\/v2\/media\/8860"}],"wp:attachment":[{"href":"https:\/\/partediario.com.ar\/index.php?rest_route=%2Fwp%2Fv2%2Fmedia&parent=8859"}],"wp:term":[{"taxonomy":"category","embeddable":true,"href":"https:\/\/partediario.com.ar\/index.php?rest_route=%2Fwp%2Fv2%2Fcategories&post=8859"},{"taxonomy":"post_tag","embeddable":true,"href":"https:\/\/partediario.com.ar\/index.php?rest_route=%2Fwp%2Fv2%2Ftags&post=8859"}],"curies":[{"name":"wp","href":"https:\/\/api.w.org\/{rel}","templated":true}]}}