{"id":8862,"date":"2024-10-26T19:57:34","date_gmt":"2024-10-26T22:57:34","guid":{"rendered":"https:\/\/partediario.com.ar\/?p=8862"},"modified":"2024-10-27T21:45:45","modified_gmt":"2024-10-28T00:45:45","slug":"la-junta-electoral-del-pj-rechazo-la-lista-de-quintela-por-falta-de-avales-y-le-otorgo-un-plazo-de-24-horas-para-presentarlos","status":"publish","type":"post","link":"https:\/\/partediario.com.ar\/?p=8862","title":{"rendered":"La Junta Electoral del PJ rechaz\u00f3 la lista de Quintela por falta de avales y le otorg\u00f3 un plazo de 24 horas para presentarlos"},"content":{"rendered":"\n<h3 class=\"wp-block-heading\">La Junta Electoral del Partido Justicialista (PJ) rechaz\u00f3 por \u201cunanimidad\u201d la lista del gobernador de La Rioja, Ricardo Quintela, por no tener avales suficientes y le otorg\u00f3 un plazo de 24 horas para \u201crealizar la entrega de la documentaci\u00f3n f\u00edsica faltante y la correcci\u00f3n de los registros digitales presentados\u201d.<\/h3>\n\n\n\n<p>As\u00ed lo inform\u00f3 la junta partidaria por medio de un comunicado de prensa, donde se se\u00f1al\u00f3 que \u00abFederales, un grito de coraz\u00f3n\u00bb, no cuenta con el n\u00famero exigido del 2% (62.465) del padr\u00f3n de afiliados establecido en el Reglamento Electoral\u201d.<\/p>\n\n\n\n<p>Seg\u00fan el parte de prensa, que lleva la firma de los apoderados del PJ a nivel nacional, Juan Manuel Olmos y Eduardo G.A L\u00f3pez Wesselhoefft, la lista encabezada por Quintela \u201cpresent\u00f3 70.531 siendo 60.128 avales verificables, resultando v\u00e1lidos 48.549 avales computables, por lo que restar\u00edan 13.916 para llegar al n\u00famero exigido total\u201d.<\/p>\n\n\n\n<p>En contraposici\u00f3n, la Junta Electoral expres\u00f3 que, despu\u00e9s de un \u201cexhaustivo an\u00e1lisis, se ha verificado que la lista \u00abPrimero la Patria\u00bb, encabezada por Cristina Fern\u00e1ndez de Kirchner, ha presentado 106.125 avales m\u00e1s 27.287 de reserva, siendo 96.827 avales v\u00e1lidos necesarios\u201d, por lo que \u201cqueda habilitada para participar del proceso electoral\u201d.<\/p>\n\n\n\n<p>De este modo, tras la resoluci\u00f3n de la junta del PJ, la lista de Quintela tendr\u00e1 que correr a contrarreloj para conseguir los avales restantes, de lo contrario no estar\u00e1 en condiciones de competir.<\/p>\n\n\n\n<p>\u201cDebido a dichos faltantes, se le otorg\u00f3 un \u00faltimo plazo de 24 horas a la lista \u00abFederales: un grito de coraz\u00f3n\u00bb con el fin de que la lista pueda realizar la entrega de la documentaci\u00f3n f\u00edsica faltante y la correcci\u00f3n de los registros digitales presentados\u201d, dispuso el \u00f3rgano electoral del PJ sobre el destino de la candidatura del gobernador riojano.<\/p>\n\n\n\n<p>Tras conocerse la disposici\u00f3n, Quintela consider\u00f3 en redes sociales que hubo una \u201cprivatizaci\u00f3n\u201d del partido y afirm\u00f3: \u201cno van a poder arrebatarse el peronismo\u201d y cerca del riojano no descartan judicializar la interna.<\/p>\n","protected":false},"excerpt":{"rendered":"<p>La Junta Electoral del Partido Justicialista (PJ) rechaz&oacute; por &ldquo;unanimidad&rdquo; la lista del gobernador de La Rioja, Ricardo Quintela, por no tener avales suficientes y le otorg&oacute; un plazo de 24 horas para &ldquo;realizar la entrega de la documentaci&oacute;n f&iacute;sica faltante y la correcci&oacute;n de los registros digitales presentados&rdquo;. As&iacute; lo inform&oacute; la junta partidaria [&hellip;]<\/p>\n","protected":false},"author":2,"featured_media":8863,"comment_status":"open","ping_status":"open","sticky":false,"template":"","format":"standard","meta":{"footnotes":""},"categories":[5,176],"tags":[1925,4007,3889,295,690,2816],"class_list":["post-8862","post","type-post","status-publish","format-standard","has-post-thumbnail","hentry","category-nacionales","category-politica","tag-electoral","tag-junta","tag-lista","tag-pj","tag-rechazo","tag-ricardo-quintela"],"_links":{"self":[{"href":"https:\/\/partediario.com.ar\/index.php?rest_route=\/wp\/v2\/posts\/8862","targetHints":{"allow":["GET"]}}],"collection":[{"href":"https:\/\/partediario.com.ar\/index.php?rest_route=\/wp\/v2\/posts"}],"about":[{"href":"https:\/\/partediario.com.ar\/index.php?rest_route=\/wp\/v2\/types\/post"}],"author":[{"embeddable":true,"href":"https:\/\/partediario.com.ar\/index.php?rest_route=\/wp\/v2\/users\/2"}],"replies":[{"embeddable":true,"href":"https:\/\/partediario.com.ar\/index.php?rest_route=%2Fwp%2Fv2%2Fcomments&post=8862"}],"version-history":[{"count":1,"href":"https:\/\/partediario.com.ar\/index.php?rest_route=\/wp\/v2\/posts\/8862\/revisions"}],"predecessor-version":[{"id":8864,"href":"https:\/\/partediario.com.ar\/index.php?rest_route=\/wp\/v2\/posts\/8862\/revisions\/8864"}],"wp:featuredmedia":[{"embeddable":true,"href":"https:\/\/partediario.com.ar\/index.php?rest_route=\/wp\/v2\/media\/8863"}],"wp:attachment":[{"href":"https:\/\/partediario.com.ar\/index.php?rest_route=%2Fwp%2Fv2%2Fmedia&parent=8862"}],"wp:term":[{"taxonomy":"category","embeddable":true,"href":"https:\/\/partediario.com.ar\/index.php?rest_route=%2Fwp%2Fv2%2Fcategories&post=8862"},{"taxonomy":"post_tag","embeddable":true,"href":"https:\/\/partediario.com.ar\/index.php?rest_route=%2Fwp%2Fv2%2Ftags&post=8862"}],"curies":[{"name":"wp","href":"https:\/\/api.w.org\/{rel}","templated":true}]}}