{"id":8865,"date":"2024-10-26T20:02:34","date_gmt":"2024-10-26T23:02:34","guid":{"rendered":"https:\/\/partediario.com.ar\/?p=8865"},"modified":"2024-10-27T21:45:42","modified_gmt":"2024-10-28T00:45:42","slug":"historico-la-iglesia-catolica-habilitaria-a-las-mujeres-para-que-se-ordenen-como-diaconisas","status":"publish","type":"post","link":"https:\/\/partediario.com.ar\/?p=8865","title":{"rendered":"Hist\u00f3rico: la Iglesia cat\u00f3lica habilitar\u00eda a las mujeres para que se ordenen como diaconisas"},"content":{"rendered":"\n<h3 class=\"wp-block-heading\">En las \u00faltimas horas la Iglesia cat\u00f3lica anunci\u00f3 que permitir\u00eda a las a mujeres a ordenarse como diaconisas, funci\u00f3n que precede a la del cura.<\/h3>\n\n\n\n<p>Esto se anunci\u00f3 en una cumbre mundial sobre el futuro de la Iglesia en el Vaticano. Estuvieron presentes representantes de el S\u00ednodo, la asamblea de obispos y laicos de todo el mundo.<\/p>\n\n\n\n<p>En el documento final dejaron en claro que \u00abno hay motivos que impidan a las mujeres asumir\u00bb responsabilidades en la iglesia, no sin causar divisi\u00f3n entre los participantes.<\/p>\n\n\n\n<p>El informe final aprobado por el Papa Francisco, destaca que \u201cesta reflexi\u00f3n debe continuar\u201d. Este fue el resultado de tres a\u00f1os de trabajo en donde se hicieron part\u00edcipes a los fieles de diferentes partes del mundo.<\/p>\n\n\n\n<p>La secci\u00f3n m\u00e1s relevante del texto afirma que \u00ablas mujeres contin\u00faan top\u00e1ndose con obst\u00e1culos para obtener un mayor reconocimiento\u00bb de su papel. El Sumo Pont\u00edfice orden\u00f3 publicarlo inmediatamente porque no escribir\u00e1 una exhortaci\u00f3n apost\u00f3lica con indicaciones, como es costumbre.<\/p>\n\n\n\n<p>El S\u00ednodo es una asamblea con obispos de todo el mundo y, por orden del papa, tambi\u00e9n con laicos y mujeres con derecho a voto que ha tratado hasta hoy temas de calado para la iglesia.<\/p>\n\n\n\n<p>Est\u00e1 conformado por 358 miembros, pero la participaci\u00f3n de la mujeres en inferior ya que s\u00f3lo hay 53 representantes. El rol de la mujer como l\u00edder de una congregaci\u00f3n, es el que m\u00e1s controversia y divisi\u00f3n despert\u00f3 entre los votantes.<\/p>\n\n\n\n<p>Seg\u00fan datos difundidos desde la Santa Sede, hubieron 258 votos a favor mientras que la negativa fue s\u00f3lo de 97 en contra. Este debate a\u00f1os atr\u00e1s no hubiera sido posible, aunque algunos expertos precisan que se puso bajo la lupa para atraer a nuevos fieles y limpiar la imagen de la instituci\u00f3n debido a los innumerables casos de abusos perpetrados por sacerdotes.<\/p>\n\n\n\n<p>Tal como lo refleja el documento, se trat\u00f3 el tema sobre abusos sexuales en la Iglesia. \u201cLa crisis de los abusos, en sus distintas y tr\u00e1gicas manifestaciones, ha causado sufrimientos indecibles y a menudo duraderas a v\u00edctimas y supervivientes, as\u00ed como a sus comunidades\u201d.<\/p>\n\n\n\n<p>\u00abLa Iglesia debe escuchar con particular atenci\u00f3n y sensibilidad la voz de las v\u00edctimas y los supervivientes de abusos sexuales, espirituales, econ\u00f3micos, institucionales, de poder y conciencia por parte del clero o personas con encargos eclesiales\u00bb, destacaron.<\/p>\n","protected":false},"excerpt":{"rendered":"<p>En las &uacute;ltimas horas la Iglesia cat&oacute;lica anunci&oacute; que permitir&iacute;a a las a mujeres a ordenarse como diaconisas, funci&oacute;n que precede a la del cura. Esto se anunci&oacute; en una cumbre mundial sobre el futuro de la Iglesia en el Vaticano. Estuvieron presentes representantes de el S&iacute;nodo, la asamblea de obispos y laicos de todo [&hellip;]<\/p>\n","protected":false},"author":2,"featured_media":8866,"comment_status":"open","ping_status":"open","sticky":false,"template":"","format":"standard","meta":{"footnotes":""},"categories":[9,726],"tags":[1614,4009,3406,1613,4008],"class_list":["post-8865","post","type-post","status-publish","format-standard","has-post-thumbnail","hentry","category-internacionales","category-sociedad","tag-catolica","tag-diaconisas","tag-habilitacion","tag-iglesia","tag-muejres"],"_links":{"self":[{"href":"https:\/\/partediario.com.ar\/index.php?rest_route=\/wp\/v2\/posts\/8865","targetHints":{"allow":["GET"]}}],"collection":[{"href":"https:\/\/partediario.com.ar\/index.php?rest_route=\/wp\/v2\/posts"}],"about":[{"href":"https:\/\/partediario.com.ar\/index.php?rest_route=\/wp\/v2\/types\/post"}],"author":[{"embeddable":true,"href":"https:\/\/partediario.com.ar\/index.php?rest_route=\/wp\/v2\/users\/2"}],"replies":[{"embeddable":true,"href":"https:\/\/partediario.com.ar\/index.php?rest_route=%2Fwp%2Fv2%2Fcomments&post=8865"}],"version-history":[{"count":1,"href":"https:\/\/partediario.com.ar\/index.php?rest_route=\/wp\/v2\/posts\/8865\/revisions"}],"predecessor-version":[{"id":8867,"href":"https:\/\/partediario.com.ar\/index.php?rest_route=\/wp\/v2\/posts\/8865\/revisions\/8867"}],"wp:featuredmedia":[{"embeddable":true,"href":"https:\/\/partediario.com.ar\/index.php?rest_route=\/wp\/v2\/media\/8866"}],"wp:attachment":[{"href":"https:\/\/partediario.com.ar\/index.php?rest_route=%2Fwp%2Fv2%2Fmedia&parent=8865"}],"wp:term":[{"taxonomy":"category","embeddable":true,"href":"https:\/\/partediario.com.ar\/index.php?rest_route=%2Fwp%2Fv2%2Fcategories&post=8865"},{"taxonomy":"post_tag","embeddable":true,"href":"https:\/\/partediario.com.ar\/index.php?rest_route=%2Fwp%2Fv2%2Ftags&post=8865"}],"curies":[{"name":"wp","href":"https:\/\/api.w.org\/{rel}","templated":true}]}}