{"id":8875,"date":"2024-10-27T21:31:47","date_gmt":"2024-10-28T00:31:47","guid":{"rendered":"https:\/\/partediario.com.ar\/?p=8875"},"modified":"2024-10-28T11:34:20","modified_gmt":"2024-10-28T14:34:20","slug":"en-uruguay-voto-mas-del-89-por-ciento-del-padron","status":"publish","type":"post","link":"https:\/\/partediario.com.ar\/?p=8875","title":{"rendered":"En Uruguay vot\u00f3 m\u00e1s del 89 por ciento del padr\u00f3n"},"content":{"rendered":"\n<h3 class=\"wp-block-heading\">Los circuitos de votaci\u00f3n en Uruguay cerraron este domingo en las elecciones que definir\u00e1n al sucesor del presidente Luis Lacalle Pou y que adem\u00e1s renovar\u00e1n el Parlamento, jornada a la que fueron convocados m\u00e1s de 2,7 millones de electores uruguayos.<\/h3>\n\n\n\n<p>La Corte Electoral precis\u00f3 que al cierre de los comicios hab\u00edan sufragado el 88,1 por ciento de los votantes registrados en los padrones.<\/p>\n\n\n\n<p>Las 7.225 mesas de votaci\u00f3n instaladas cerraron a las 19:30 hora local (22:30 GMT) y de forma excepcional pueden tener la pr\u00f3rroga de una hora si hay electores en el interior de los locales.<\/p>\n\n\n\n<p>Los comicios de este domingo en Uruguay generan una puja pareja entre la continuidad que ofrece el Gobierno mediante el Partido Nacional (PN) y sus socios de la Coalici\u00f3n Republicana (CR), frente al cambio que propone la izquierda representada por el Frente Amplio (FA), que gobern\u00f3 entre 2005 y 2020.<\/p>\n\n\n\n<p>Si el candidato que resulte vencedor en la jornada de este domingo no supera el 50 por ciento de los votos, el pr\u00f3ximo presidente se definir\u00e1 en un balotaje frente al que resulte segundo, en una jornada programada para el 24 de noviembre venidero, en el cual bastar\u00e1 mayor\u00eda simple.<\/p>\n\n\n\n<p>La veda electoral iniciada el pasado viernes se levanta a las 20:30 hora local (23:30 GMT) y las encuestadoras privadas dar\u00e1n a conocer sus proyecciones con base en los primeros datos del escrutinio, mientras que la Corte Electoral divulgar\u00e1 los primeros datos oficiales despu\u00e9s de las 21:00 hora local (24:00 GMT).<\/p>\n\n\n\n<p>La jornada electoral de este domingo en Uruguay se desarroll\u00f3 en un d\u00eda soleado y con temperaturas agradables propias de la primavera austral.<\/p>\n\n\n\n<p>\u00abHoy empieza a cambiar el Gobierno de alguna manera, con lo que son 125 d\u00edas que quedan por delante\u00bb, expres\u00f3 el presidente Luis Lacalle Pou ante la prensa, tras sufragar en un circuito electoral de la ciudad de Canelones, capital del departamento hom\u00f3nimo donde inici\u00f3 su carrera pol\u00edtica hace m\u00e1s de dos d\u00e9cadas, 50 kil\u00f3metros al norte de Montevideo.<\/p>\n\n\n\n<p>Mientras que el presidenciable del opositor FA, Yamand\u00fa Orsi, un docente de historia de 57 a\u00f1os, tambi\u00e9n vot\u00f3 en Canelones y manifest\u00f3 que los partidos pol\u00edticos \u00abdeber\u00edan tener niveles de acuerdo m\u00ednimo como pobreza infantil, educaci\u00f3n y seguridad\u00bb.<\/p>\n\n\n\n<p>Por su parte el aspirante del PN, \u00c1lvaro Delgado, quien fue secretario de la Presidencia entre 2020 y 2024, se\u00f1al\u00f3 que su \u00abventaja\u00bb es haber estado cuatro a\u00f1os en el Ejecutivo.<\/p>\n\n\n\n<p>Por su parte, el postulante por el hist\u00f3rico PC, Andr\u00e9s Ojeda, remarc\u00f3 el respaldo de su sector a la oficialista CR porque \u00abHoy no hay nada m\u00e1s colorado que ser coalicionista\u00bb, reprodujo la agencia Xinhua.<\/p>\n\n\n\n<p>El PN encabeza la CR, alianza de cuatro partidos entre ellos el PC, adem\u00e1s del Cabildo Abierto y el Partido Independiente, que compiten por separado, pero que ante un eventual balotaje apoyar\u00e1n al candidato que compita con el FA.<\/p>\n\n\n\n<p>La f\u00f3rmula de Orsi se completa con la candidatura a la vicepresidencia de Carolina Cosse; Delgado lleva como compa\u00f1era a la vice a Valeria Ripoll y Ojeda a Robert Silva.<\/p>\n\n\n\n<p>En total son 11 los candidatos a la Presidencia, aunque en la actualidad solo son seis los partidos que cuentan con representaci\u00f3n parlamentaria. En una misma hoja de votaci\u00f3n, el elector adhiere a un candidato a presidente, vicepresidente y a los representantes para el Parlamento, todos del mismo partido.<\/p>\n\n\n\n<p>De forma simult\u00e1nea, en estos comicios se pone en consideraci\u00f3n de la ciudadan\u00eda la iniciativa de reforma constitucional sobre Seguridad Social. La propuesta elimina el sistema previsional privado y lleva a 60 a\u00f1os la edad m\u00ednima jubilatoria, rechazada por los tres principales candidatos, aunque es impulsada por algunos sectores del FA, adem\u00e1s de una propuesta para habilitar los allanamientos nocturnos en hogares, promovida solamente por el actual oficialismo.<\/p>\n\n\n\n<p>Seg\u00fan las autoridades electorales, se espera que los datos primarios del escrutinio est\u00e9n antes de la medianoche de este domingo en Uruguay.<\/p>\n","protected":false},"excerpt":{"rendered":"<p>Los circuitos de votaci&oacute;n en Uruguay cerraron este domingo en las elecciones que definir&aacute;n al sucesor del presidente Luis Lacalle Pou y que adem&aacute;s renovar&aacute;n el Parlamento, jornada a la que fueron convocados m&aacute;s de 2,7 millones de electores uruguayos. La Corte Electoral precis&oacute; que al cierre de los comicios hab&iacute;an sufragado el 88,1 por [&hellip;]<\/p>\n","protected":false},"author":2,"featured_media":8876,"comment_status":"open","ping_status":"open","sticky":false,"template":"","format":"standard","meta":{"footnotes":""},"categories":[9,176],"tags":[1774,1955,1044],"class_list":["post-8875","post","type-post","status-publish","format-standard","has-post-thumbnail","hentry","category-internacionales","category-politica","tag-1774","tag-elecciones","tag-uruguay"],"_links":{"self":[{"href":"https:\/\/partediario.com.ar\/index.php?rest_route=\/wp\/v2\/posts\/8875","targetHints":{"allow":["GET"]}}],"collection":[{"href":"https:\/\/partediario.com.ar\/index.php?rest_route=\/wp\/v2\/posts"}],"about":[{"href":"https:\/\/partediario.com.ar\/index.php?rest_route=\/wp\/v2\/types\/post"}],"author":[{"embeddable":true,"href":"https:\/\/partediario.com.ar\/index.php?rest_route=\/wp\/v2\/users\/2"}],"replies":[{"embeddable":true,"href":"https:\/\/partediario.com.ar\/index.php?rest_route=%2Fwp%2Fv2%2Fcomments&post=8875"}],"version-history":[{"count":1,"href":"https:\/\/partediario.com.ar\/index.php?rest_route=\/wp\/v2\/posts\/8875\/revisions"}],"predecessor-version":[{"id":8877,"href":"https:\/\/partediario.com.ar\/index.php?rest_route=\/wp\/v2\/posts\/8875\/revisions\/8877"}],"wp:featuredmedia":[{"embeddable":true,"href":"https:\/\/partediario.com.ar\/index.php?rest_route=\/wp\/v2\/media\/8876"}],"wp:attachment":[{"href":"https:\/\/partediario.com.ar\/index.php?rest_route=%2Fwp%2Fv2%2Fmedia&parent=8875"}],"wp:term":[{"taxonomy":"category","embeddable":true,"href":"https:\/\/partediario.com.ar\/index.php?rest_route=%2Fwp%2Fv2%2Fcategories&post=8875"},{"taxonomy":"post_tag","embeddable":true,"href":"https:\/\/partediario.com.ar\/index.php?rest_route=%2Fwp%2Fv2%2Ftags&post=8875"}],"curies":[{"name":"wp","href":"https:\/\/api.w.org\/{rel}","templated":true}]}}