{"id":8878,"date":"2024-10-27T21:38:27","date_gmt":"2024-10-28T00:38:27","guid":{"rendered":"https:\/\/partediario.com.ar\/?p=8878"},"modified":"2024-10-28T11:34:16","modified_gmt":"2024-10-28T14:34:16","slug":"grave-situacion-en-brasil-pacientes-infectados-con-vih-tras-trasplantes-de-organos","status":"publish","type":"post","link":"https:\/\/partediario.com.ar\/?p=8878","title":{"rendered":"Grave situaci\u00f3n en Brasil: pacientes infectados con VIH tras trasplantes de \u00f3rganos"},"content":{"rendered":"\n<h3 class=\"wp-block-heading\">Las autoridades sanitarias de Brasil confirmaron casos de VIH postivo en pacientes que recibieron transplantes.<\/h3>\n\n\n\n<p>El caso explot\u00f3 a principios de este mes, en R\u00edo de Janeiro y fue a dado a conocer en los principales medios de comunicaci\u00f3n locales.<\/p>\n\n\n\n<p>El esc\u00e1ndalo comenz\u00f3 cuando un paciente que hab\u00eda sido trasplantado de coraz\u00f3n en enero pasado, ingres\u00f3 a un hospital con s\u00edntomas neurol\u00f3gicos. Luego de realizarle una serie de an\u00e1lisis, se descubri\u00f3 que estaba infectado. Sin embargo, antes del trasplante, el paciente fue sometido a varios estudios prequir\u00fargicos, de los cuales ya se hab\u00eda constatado que no ten\u00eda VIH.<\/p>\n\n\n\n<p>Ante esta impactante noticia, el hospital se vio obligado a notificarle al Departamento de Salud del estado de R\u00edo de Janeiro. En paralelo se abri\u00f3 una investigaci\u00f3n conjunta con la Polic\u00eda Civil, el Ministerio P\u00fablico y el Consejo Regional de Medicina.<\/p>\n\n\n\n<p>El protocolo habitual en este tipo de procedimientos consta en guardar una muestra de sangre del donante en un centro especializado. De este modo, se logr\u00f3 confirmar que la persona estaba infectada.<\/p>\n\n\n\n<p>Las autoridades sanitarias fueron las encargadas de ubicar a todas las personas que hab\u00edan recibido \u00f3rganos de esa persona. Desafortunadamente, se detect\u00f3 que dos personas m\u00e1s que contrajeron el virus.<\/p>\n\n\n\n<p>De acuerdo a la investigaci\u00f3n, el donante infectado falleci\u00f3 el 23 de enero, a los 28 a\u00f1os, en un hospital de R\u00edo de Janeiro. De su cuerpo fueron extra\u00eddos los ri\u00f1ones, el h\u00edgado, el coraz\u00f3n y la c\u00f3rnea.<\/p>\n\n\n\n<p>Sus \u00f3rganos fueron examinados por un laboratorio subcontratado por la Secretar\u00eda Estatal de Salud en la Baixada Fluminense, en la regi\u00f3n suburbana de R\u00edo de Janeiro, y no mostraron indicios de VIH. Sin embargo, el resultado fue un falso negativo.<\/p>\n\n\n\n<p>El laboratorio responsable de emitir los test negativos que causaron los contagios fue clausurado por una decisi\u00f3n de la Agencia Nacional de Vigilancia Sanitaria (Anvisa) y la Vigilancia Sanitaria del estado de R\u00edo.<\/p>\n\n\n\n<p>La auditor\u00eda revel\u00f3 39 irregularidades. Pero lo grave fue constatar que el centro no ten\u00eda licencia para operar en el lugar y que adem\u00e1s hab\u00eda registros de capacitaci\u00f3n de los empleados. El material biol\u00f3gico estaba almacenado en una heladera dom\u00e9stica y las unidades de aire acondicionado estaban en mal estado.<\/p>\n\n\n\n<p>La investigaci\u00f3n revelo adem\u00e1s que esto se tratar\u00eda de un caso de corrupci\u00f3n. En \u00e9l estar\u00eda involucrado el exsecretario de Sanidad de R\u00edo de Janeiro Luiz Ant\u00f4nio de Souza Teixeira J\u00fanior.<\/p>\n\n\n\n<p>En la actualidad cumple la funci\u00f3n de diputado federal y es familiar de dos socios del laboratorio en cuesti\u00f3n. En una nota oficial, el diputado Dr. Luizinho afirm\u00f3 que, durante su per\u00edodo como secretario, nunca particip\u00f3 en la elecci\u00f3n de ning\u00fan laboratorio.<\/p>\n\n\n\n<p>Este 18 de octubre, el Tribunal de R\u00edo de Janeiro decidi\u00f3 mantener en prisi\u00f3n preventiva a cuatro investigados, entre ellos Walter Vieira, copropietario del PCS Lab Saleme y pariente del Dr. Luizinho, y otros tres empleados.<\/p>\n\n\n\n<p>Mientras tanto, uno de los seis pacientes infectados con VIH tras trasplantes de \u00f3rganos en R\u00edo de Janeiro ha sido hospitalizado y se encuentra en estado grave. El hombre de 75 a\u00f1os fue trasplantado en mayo.<\/p>\n","protected":false},"excerpt":{"rendered":"<p>Las autoridades sanitarias de Brasil confirmaron casos de VIH postivo en pacientes que recibieron transplantes. El caso explot&oacute; a principios de este mes, en R&iacute;o de Janeiro y fue a dado a conocer en los principales medios de comunicaci&oacute;n locales. El esc&aacute;ndalo comenz&oacute; cuando un paciente que hab&iacute;a sido trasplantado de coraz&oacute;n en enero pasado, [&hellip;]<\/p>\n","protected":false},"author":2,"featured_media":8879,"comment_status":"open","ping_status":"open","sticky":false,"template":"","format":"standard","meta":{"footnotes":""},"categories":[9,726],"tags":[563,4015,1237,4014,4017],"class_list":["post-8878","post","type-post","status-publish","format-standard","has-post-thumbnail","hentry","category-internacionales","category-sociedad","tag-brasil","tag-infectados","tag-organos","tag-pacientes","tag-trasplante"],"_links":{"self":[{"href":"https:\/\/partediario.com.ar\/index.php?rest_route=\/wp\/v2\/posts\/8878","targetHints":{"allow":["GET"]}}],"collection":[{"href":"https:\/\/partediario.com.ar\/index.php?rest_route=\/wp\/v2\/posts"}],"about":[{"href":"https:\/\/partediario.com.ar\/index.php?rest_route=\/wp\/v2\/types\/post"}],"author":[{"embeddable":true,"href":"https:\/\/partediario.com.ar\/index.php?rest_route=\/wp\/v2\/users\/2"}],"replies":[{"embeddable":true,"href":"https:\/\/partediario.com.ar\/index.php?rest_route=%2Fwp%2Fv2%2Fcomments&post=8878"}],"version-history":[{"count":1,"href":"https:\/\/partediario.com.ar\/index.php?rest_route=\/wp\/v2\/posts\/8878\/revisions"}],"predecessor-version":[{"id":8880,"href":"https:\/\/partediario.com.ar\/index.php?rest_route=\/wp\/v2\/posts\/8878\/revisions\/8880"}],"wp:featuredmedia":[{"embeddable":true,"href":"https:\/\/partediario.com.ar\/index.php?rest_route=\/wp\/v2\/media\/8879"}],"wp:attachment":[{"href":"https:\/\/partediario.com.ar\/index.php?rest_route=%2Fwp%2Fv2%2Fmedia&parent=8878"}],"wp:term":[{"taxonomy":"category","embeddable":true,"href":"https:\/\/partediario.com.ar\/index.php?rest_route=%2Fwp%2Fv2%2Fcategories&post=8878"},{"taxonomy":"post_tag","embeddable":true,"href":"https:\/\/partediario.com.ar\/index.php?rest_route=%2Fwp%2Fv2%2Ftags&post=8878"}],"curies":[{"name":"wp","href":"https:\/\/api.w.org\/{rel}","templated":true}]}}