{"id":8886,"date":"2024-10-28T11:02:25","date_gmt":"2024-10-28T14:02:25","guid":{"rendered":"https:\/\/partediario.com.ar\/?p=8886"},"modified":"2024-10-29T10:48:45","modified_gmt":"2024-10-29T13:48:45","slug":"ate-llevara-adelante-un-paro-de-36-horas-y-se-movilizara-al-ministerio-conducido-por-sturzenegger","status":"publish","type":"post","link":"https:\/\/partediario.com.ar\/?p=8886","title":{"rendered":"ATE llevar\u00e1 adelante un paro de 36 horas y se movilizar\u00e1 al Ministerio conducido por Sturzenegger"},"content":{"rendered":"\n<h3 class=\"wp-block-heading\">La Asociaci\u00f3n Trabajadores del Estado (ATE) realizar\u00e1 ma\u00f1ana una medida de fuerza por 36 horas en toda la administraci\u00f3n p\u00fablica y a las 12 se llevar\u00e1 adelanteuna movilizaci\u00f3n al Ministerio de Desregulaci\u00f3n y Transformaci\u00f3n del Estado que conduce Federico Sturzenegger.<\/h3>\n\n\n\n<p>La concentraci\u00f3n ser\u00e1 en el Obelisco y desde ese lugar los trabajadores marchar\u00e1n hacia la sede de la citada cartera en la Avenida Roque S\u00e1enz Pe\u00f1a 788, mientras que la medida de fuerza se extender\u00e1 durante todo el mi\u00e9rcoles 30, confluyendo con el paro de transportes.<\/p>\n\n\n\n<p>\u201cEn el Estado hay sindicalistas que militan la resignaci\u00f3n y el miedo en los sectores de trabajo. Destruyen nuestros salarios, nos echan como perros, quieren vender todos los inmuebles del Estado, \u00bfCu\u00e1ndo van a parar si no paran ahora? \u00bfCu\u00e1ndo van a marchar si no marchan ahora?\u201d, se\u00f1al\u00f3 Rodolfo Aguiar, secretario general de ATE Nacional.<\/p>\n\n\n\n<p>Y agreg\u00f3 que: \u201cLa \u00fanica manera de evitar que el Estado termine de ser usurpado por los grandes grupos empresarios es estando en la calle. La gente empieza a tomar conciencia de la estafa. Le mintieron, no hab\u00eda \u00f1oquis ni un Estado sobredimensionado. Este Gobierno protege y se abraza a la casta\u201d.<\/p>\n\n\n\n<p>Haciendo referencia al deterioro de los salarios en el Sector P\u00fablico, Aguiar destac\u00f3: \u00abHoy un empleado p\u00fablico con hijos y que tiene que alquilar no llega a ni a mitad de mes. Exigimos la inmediata reapertura de las paritarias y demandamos un incremento que permita recuperar todo el poder adquisitivo perdido durante los \u00faltimos meses. Rechazamos que la paritaria en la Administraci\u00f3n P\u00fablica Nacional sea utilizada para disciplinar el resto de las negociaciones p\u00fablicas y privadas\u201d.<\/p>\n\n\n\n<p>\u201cSi nuestros justos reclamos no encuentran respuestas, las medidas se van a profundizar, la conflictividad ir\u00e1 en ascenso y la afectaci\u00f3n de la paz social no ser\u00e1 nuestra responsabilidad. Ser\u00e1 responsabilidad de quien tiene que garantizarla con pol\u00edticas, que es el Gobierno\u201d, cerr\u00f3 Aguiar.<\/p>\n\n\n\n<p>Desde el gremio, expresaron que la medida de fuerza surge a partir de la p\u00e9rdida del poder adquisitivo en el Estado Nacional que ya supera el 34% durante la gesti\u00f3n de Javier Milei, sumado a la intenci\u00f3n del Gobierno de congelar los salarios para lo que resta del a\u00f1o. Ante esta situaci\u00f3n, el sindicato demanda la inmediata reapertura de las paritarias y un aumento que permitan recomponer los salarios.<\/p>\n\n\n\n<p>El sindicato reclama adem\u00e1s por el cese de los despidos en el sector p\u00fablico y la inmediata reincorporaci\u00f3n de todos los ileg\u00edtimamente cesanteados. Y a\u00f1adieron desde el gremio que: \u201cLos recientes anuncios del Ejecutivo se suman a los motivos de la protesta de los estatales: la falsedad de las intimaciones a jubilarse a los trabajadores -cosa que ya exist\u00eda-; la mentira de los cargos p\u00fablicos hereditarios y la amenaza de enajenar m\u00e1s de 300 inmuebles del Estado. Motiva tambi\u00e9n al reclamo el rechazo a las privatizaciones de las empresas estatales y al vaciamiento de organismos como el recientemente anunciado en AFIP\u201d.<\/p>\n","protected":false},"excerpt":{"rendered":"<p>La Asociaci&oacute;n Trabajadores del Estado (ATE) realizar&aacute; ma&ntilde;ana una medida de fuerza por 36 horas en toda la administraci&oacute;n p&uacute;blica y a las 12 se llevar&aacute; adelanteuna movilizaci&oacute;n al Ministerio de Desregulaci&oacute;n y Transformaci&oacute;n del Estado que conduce Federico Sturzenegger. La concentraci&oacute;n ser&aacute; en el Obelisco y desde ese lugar los trabajadores marchar&aacute;n hacia la [&hellip;]<\/p>\n","protected":false},"author":2,"featured_media":8887,"comment_status":"open","ping_status":"open","sticky":false,"template":"","format":"standard","meta":{"footnotes":""},"categories":[978,5],"tags":[219],"class_list":["post-8886","post","type-post","status-publish","format-standard","has-post-thumbnail","hentry","category-gremiales","category-nacionales","tag-ate"],"_links":{"self":[{"href":"https:\/\/partediario.com.ar\/index.php?rest_route=\/wp\/v2\/posts\/8886","targetHints":{"allow":["GET"]}}],"collection":[{"href":"https:\/\/partediario.com.ar\/index.php?rest_route=\/wp\/v2\/posts"}],"about":[{"href":"https:\/\/partediario.com.ar\/index.php?rest_route=\/wp\/v2\/types\/post"}],"author":[{"embeddable":true,"href":"https:\/\/partediario.com.ar\/index.php?rest_route=\/wp\/v2\/users\/2"}],"replies":[{"embeddable":true,"href":"https:\/\/partediario.com.ar\/index.php?rest_route=%2Fwp%2Fv2%2Fcomments&post=8886"}],"version-history":[{"count":1,"href":"https:\/\/partediario.com.ar\/index.php?rest_route=\/wp\/v2\/posts\/8886\/revisions"}],"predecessor-version":[{"id":8888,"href":"https:\/\/partediario.com.ar\/index.php?rest_route=\/wp\/v2\/posts\/8886\/revisions\/8888"}],"wp:featuredmedia":[{"embeddable":true,"href":"https:\/\/partediario.com.ar\/index.php?rest_route=\/wp\/v2\/media\/8887"}],"wp:attachment":[{"href":"https:\/\/partediario.com.ar\/index.php?rest_route=%2Fwp%2Fv2%2Fmedia&parent=8886"}],"wp:term":[{"taxonomy":"category","embeddable":true,"href":"https:\/\/partediario.com.ar\/index.php?rest_route=%2Fwp%2Fv2%2Fcategories&post=8886"},{"taxonomy":"post_tag","embeddable":true,"href":"https:\/\/partediario.com.ar\/index.php?rest_route=%2Fwp%2Fv2%2Ftags&post=8886"}],"curies":[{"name":"wp","href":"https:\/\/api.w.org\/{rel}","templated":true}]}}