{"id":8895,"date":"2024-10-28T11:33:59","date_gmt":"2024-10-28T14:33:59","guid":{"rendered":"https:\/\/partediario.com.ar\/?p=8895"},"modified":"2024-10-29T10:48:32","modified_gmt":"2024-10-29T13:48:32","slug":"la-izquierda-se-impuso-en-las-elecciones-uruguayas-no-obstante-debera-ir-a-balotaje-con-delgado","status":"publish","type":"post","link":"https:\/\/partediario.com.ar\/?p=8895","title":{"rendered":"La izquierda se impuso en las elecciones uruguayas no obstante deber\u00e1 ir a balotaje con Delgado"},"content":{"rendered":"\n<h3 class=\"wp-block-heading\">El candidato del izquierdista Frente Amplio, Yamand\u00fa Orsi, gan\u00f3 las elecciones uruguayas que se celebraron este domingo, sin embargo deber\u00e1 confrontar en un balotaje con el postulante del Partido Nacional, el oficialista \u00c1lvaro Delgado.<\/h3>\n\n\n\n<p>Orsi obtuvo el 43.94% de las preferencias, mientras que Delgado obtuvo un 26.77%. Quedando tercero el partido Colorado, que postulaba a Andr\u00e9s Ojeda, con un 16.03%, y cuarto Gustavo Salle con 2.69%.<\/p>\n\n\n\n<p>El balotaje entre los dos candidatos m\u00e1s votados en primera vuelta est\u00e1 dispuesto para el pr\u00f3ximo 24 de noviembre y ser\u00e1 celebrado porque ninguna de las fuerzas logr\u00f3 reunir el 50 por ciento de las preferencias.<\/p>\n\n\n\n<p>Orsi brind\u00f3 un discurso en un escenario montado en la Rambla de Montevideo y subray\u00f3 que \u00abEl Frente Amplio volvi\u00f3 a ser el partido m\u00e1s votado de Uruguay\u00bb.<\/p>\n\n\n\n<p>\u00abSomos el partido que m\u00e1s creci\u00f3 en esta elecci\u00f3n\u00bb, festej\u00f3 el candidato. \u201cEn estos 27 d\u00edas vamos por ese \u00faltimo esfuerzo. Con m\u00e1s ganas que nunca, m\u00e1s de pie que nunca. Pero m\u00e1s all\u00e1 de nuestras filas, sepan todos los compatriotas que defenderemos entre todos la sana competencia electoral que tanto y tanto valoramos\u201d, destac\u00f3.<\/p>\n\n\n\n<p>Mientras que Delgado, en el b\u00fanker del Partido Nacional, se\u00f1al\u00f3 como m\u00e1s votada a la Coalici\u00f3n, la agrupaci\u00f3n de centroderecha oficialista tambi\u00e9n integrada por el Partido Colorado (PC), Cabildo Abierto (CA), el Partido de la Gente (PG) y el Partido Independiente (PI).<\/p>\n\n\n\n<p>\u201cEmpezamos una etapa de una l\u00f3gica diferente, las urnas hablaron, el Uruguay se expres\u00f3 en democracia y libertad y esta noche el Uruguay dijo que la coalici\u00f3n es el proyecto pol\u00edtico m\u00e1s votado de nuestro pa\u00eds\u201d, manifest\u00f3.<\/p>\n\n\n\n<p>Delgado, junto al resto de las candidatos de la coalici\u00f3n, asever\u00f3 que \u00abtiene la responsabilidad republicana de que el Uruguay no retroceda\u00bb.<\/p>\n","protected":false},"excerpt":{"rendered":"<p>El candidato del izquierdista Frente Amplio, Yamand&uacute; Orsi, gan&oacute; las elecciones uruguayas que se celebraron este domingo, sin embargo deber&aacute; confrontar en un balotaje con el postulante del Partido Nacional, el oficialista &Aacute;lvaro Delgado. Orsi obtuvo el 43.94% de las preferencias, mientras que Delgado obtuvo un 26.77%. Quedando tercero el partido Colorado, que postulaba a [&hellip;]<\/p>\n","protected":false},"author":2,"featured_media":8896,"comment_status":"open","ping_status":"open","sticky":false,"template":"","format":"standard","meta":{"footnotes":""},"categories":[9,176],"tags":[1955,4025,1044,4023],"class_list":["post-8895","post","type-post","status-publish","format-standard","has-post-thumbnail","hentry","category-internacionales","category-politica","tag-elecciones","tag-ganador","tag-uruguay","tag-yamandu-orsi"],"_links":{"self":[{"href":"https:\/\/partediario.com.ar\/index.php?rest_route=\/wp\/v2\/posts\/8895","targetHints":{"allow":["GET"]}}],"collection":[{"href":"https:\/\/partediario.com.ar\/index.php?rest_route=\/wp\/v2\/posts"}],"about":[{"href":"https:\/\/partediario.com.ar\/index.php?rest_route=\/wp\/v2\/types\/post"}],"author":[{"embeddable":true,"href":"https:\/\/partediario.com.ar\/index.php?rest_route=\/wp\/v2\/users\/2"}],"replies":[{"embeddable":true,"href":"https:\/\/partediario.com.ar\/index.php?rest_route=%2Fwp%2Fv2%2Fcomments&post=8895"}],"version-history":[{"count":1,"href":"https:\/\/partediario.com.ar\/index.php?rest_route=\/wp\/v2\/posts\/8895\/revisions"}],"predecessor-version":[{"id":8897,"href":"https:\/\/partediario.com.ar\/index.php?rest_route=\/wp\/v2\/posts\/8895\/revisions\/8897"}],"wp:featuredmedia":[{"embeddable":true,"href":"https:\/\/partediario.com.ar\/index.php?rest_route=\/wp\/v2\/media\/8896"}],"wp:attachment":[{"href":"https:\/\/partediario.com.ar\/index.php?rest_route=%2Fwp%2Fv2%2Fmedia&parent=8895"}],"wp:term":[{"taxonomy":"category","embeddable":true,"href":"https:\/\/partediario.com.ar\/index.php?rest_route=%2Fwp%2Fv2%2Fcategories&post=8895"},{"taxonomy":"post_tag","embeddable":true,"href":"https:\/\/partediario.com.ar\/index.php?rest_route=%2Fwp%2Fv2%2Ftags&post=8895"}],"curies":[{"name":"wp","href":"https:\/\/api.w.org\/{rel}","templated":true}]}}