{"id":8898,"date":"2024-10-28T14:15:39","date_gmt":"2024-10-28T17:15:39","guid":{"rendered":"https:\/\/partediario.com.ar\/?p=8898"},"modified":"2024-10-29T10:48:28","modified_gmt":"2024-10-29T13:48:28","slug":"ultimo-momento-la-uta-anuncio-un-paro-de-colectivos-por-24-horas-en-el-amba-para-este-jueves-31-de-octubre","status":"publish","type":"post","link":"https:\/\/partediario.com.ar\/?p=8898","title":{"rendered":"\u00daLTIMO MOMENTO: la UTA anunci\u00f3 un paro de colectivos por 24 horas en el AMBA para este jueves 31 de octubre"},"content":{"rendered":"\n<h3 class=\"wp-block-heading\">La medida de fuerza de 24 horas ser\u00e1 un d\u00eda posterior al paro general de transportes, al que no adhieren los colectivos. El gremio se despega de este modo de la protesta de Moyano contra Javier Milei.<\/h3>\n\n\n\n<p>La Uni\u00f3n Tranviarios Automotor (UTA) confirm\u00f3 un paro de colectivos en el AMBA para este jueves 31 de octubre, tras no llegar a un acuerdo salarial. La medida de fuerza de 24 horas se da un d\u00eda despu\u00e9s del paro general de transporte lanzado por otros gremios, al que los colectivos no adhirieron.<\/p>\n\n\n\n<p>El conflicto salarial est\u00e1 en stand by, y este lunes 28 vence la extensi\u00f3n de la conciliaci\u00f3n obligatoria dictada hace un mes por el Gobierno. A fines de septiembre el gremio hab\u00eda decidido ir a un paro general por 48 horas debido a la falta de avances en sus paritarias.<\/p>\n\n\n\n<p>La medida de fuerza anunciada para el jueves se inscribe en la idea de Roberto Fern\u00e1ndez, titular del gremio, de despegarla del paro general que impulsa Moyano contra Javier Milei. El objetivo es que la protesta no sea le\u00edda como una protesta contra el Gobierno, sino contra las empresas del transporte.<\/p>\n\n\n\n<p>Noticia en desarrollo.<\/p>\n","protected":false},"excerpt":{"rendered":"<p>La medida de fuerza de 24 horas ser&aacute; un d&iacute;a posterior al paro general de transportes, al que no adhieren los colectivos. El gremio se despega de este modo de la protesta de Moyano contra Javier Milei. La Uni&oacute;n Tranviarios Automotor (UTA) confirm&oacute; un paro de colectivos en el AMBA para este jueves 31 de [&hellip;]<\/p>\n","protected":false},"author":2,"featured_media":8899,"comment_status":"open","ping_status":"open","sticky":false,"template":"","format":"standard","meta":{"footnotes":""},"categories":[978,5],"tags":[4026,226,1478,232,4027,691,4028,1479],"class_list":["post-8898","post","type-post","status-publish","format-standard","has-post-thumbnail","hentry","category-gremiales","category-nacionales","tag-31-octubre","tag-cgt","tag-colectivos","tag-javier-milei","tag-moyano","tag-paro","tag-roberto-fernandez","tag-uta"],"_links":{"self":[{"href":"https:\/\/partediario.com.ar\/index.php?rest_route=\/wp\/v2\/posts\/8898","targetHints":{"allow":["GET"]}}],"collection":[{"href":"https:\/\/partediario.com.ar\/index.php?rest_route=\/wp\/v2\/posts"}],"about":[{"href":"https:\/\/partediario.com.ar\/index.php?rest_route=\/wp\/v2\/types\/post"}],"author":[{"embeddable":true,"href":"https:\/\/partediario.com.ar\/index.php?rest_route=\/wp\/v2\/users\/2"}],"replies":[{"embeddable":true,"href":"https:\/\/partediario.com.ar\/index.php?rest_route=%2Fwp%2Fv2%2Fcomments&post=8898"}],"version-history":[{"count":1,"href":"https:\/\/partediario.com.ar\/index.php?rest_route=\/wp\/v2\/posts\/8898\/revisions"}],"predecessor-version":[{"id":8900,"href":"https:\/\/partediario.com.ar\/index.php?rest_route=\/wp\/v2\/posts\/8898\/revisions\/8900"}],"wp:featuredmedia":[{"embeddable":true,"href":"https:\/\/partediario.com.ar\/index.php?rest_route=\/wp\/v2\/media\/8899"}],"wp:attachment":[{"href":"https:\/\/partediario.com.ar\/index.php?rest_route=%2Fwp%2Fv2%2Fmedia&parent=8898"}],"wp:term":[{"taxonomy":"category","embeddable":true,"href":"https:\/\/partediario.com.ar\/index.php?rest_route=%2Fwp%2Fv2%2Fcategories&post=8898"},{"taxonomy":"post_tag","embeddable":true,"href":"https:\/\/partediario.com.ar\/index.php?rest_route=%2Fwp%2Fv2%2Ftags&post=8898"}],"curies":[{"name":"wp","href":"https:\/\/api.w.org\/{rel}","templated":true}]}}