{"id":8901,"date":"2024-10-28T20:43:36","date_gmt":"2024-10-28T23:43:36","guid":{"rendered":"https:\/\/partediario.com.ar\/?p=8901"},"modified":"2024-10-28T20:43:36","modified_gmt":"2024-10-28T23:43:36","slug":"santa-elena-la-municipalidad-continua-con-diversas-tareas-en-varios-puntos-de-la-ciudad","status":"publish","type":"post","link":"https:\/\/partediario.com.ar\/?p=8901","title":{"rendered":"Santa Elena: la Municipalidad contin\u00faa con diversas tareas en varios puntos de la ciudad"},"content":{"rendered":"\n<p class=\"has-medium-font-size\"><strong>En este caso se trata de la optimizaci\u00f3n de una zona de espacios p\u00fablicos y la instalaci\u00f3n de luminarias en calle Santa Fe.<\/strong><\/p>\n\n\n\n<p>El municipio trabaj\u00f3 en la renovaci\u00f3n y optimizaci\u00f3n de espacios p\u00fablicos y de uso gratuito para locales y turistas, por medio de personal municipal. En la jornada de hoy se abordaron tareas en el Parque La Hoya, donde se renovaron sectores de uso com\u00fan que pronto estar\u00e1n habilitados.<\/p>\n\n\n\n<p><\/p>\n\n\n\n<figure class=\"wp-block-image size-large\"><img loading=\"lazy\" decoding=\"async\" width=\"576\" height=\"1024\" src=\"https:\/\/partediario.com.ar\/wp-content\/uploads\/464861665_966141165557639_1868207795140205840_n-1-576x1024.jpg\" alt=\"\" class=\"wp-image-8905\" srcset=\"https:\/\/partediario.com.ar\/wp-content\/uploads\/464861665_966141165557639_1868207795140205840_n-1-576x1024.jpg 576w, https:\/\/partediario.com.ar\/wp-content\/uploads\/464861665_966141165557639_1868207795140205840_n-1-169x300.jpg 169w, https:\/\/partediario.com.ar\/wp-content\/uploads\/464861665_966141165557639_1868207795140205840_n-1-768x1364.jpg 768w, https:\/\/partediario.com.ar\/wp-content\/uploads\/464861665_966141165557639_1868207795140205840_n-1.jpg 800w\" sizes=\"auto, (max-width: 576px) 100vw, 576px\" \/><\/figure>\n\n\n\n<p><\/p>\n\n\n\n<p>Tambi\u00e9n se llev\u00f3 a cabo la instalaci\u00f3n de luminarias en calle Santa Fe.<\/p>\n\n\n\n<p><\/p>\n\n\n\n<figure class=\"wp-block-image size-large\"><img loading=\"lazy\" decoding=\"async\" width=\"744\" height=\"1024\" src=\"https:\/\/partediario.com.ar\/wp-content\/uploads\/464948259_966144478890641_4913593156376731788_n-744x1024.jpg\" alt=\"\" class=\"wp-image-8903\" srcset=\"https:\/\/partediario.com.ar\/wp-content\/uploads\/464948259_966144478890641_4913593156376731788_n-744x1024.jpg 744w, https:\/\/partediario.com.ar\/wp-content\/uploads\/464948259_966144478890641_4913593156376731788_n-218x300.jpg 218w, https:\/\/partediario.com.ar\/wp-content\/uploads\/464948259_966144478890641_4913593156376731788_n-768x1057.jpg 768w, https:\/\/partediario.com.ar\/wp-content\/uploads\/464948259_966144478890641_4913593156376731788_n-1116x1536.jpg 1116w, https:\/\/partediario.com.ar\/wp-content\/uploads\/464948259_966144478890641_4913593156376731788_n.jpg 1141w\" sizes=\"auto, (max-width: 744px) 100vw, 744px\" \/><\/figure>\n\n\n\n<p><\/p>\n\n\n\n<p>Desde el municipio invitan a los vecinos a sumarse en el cuidado y preservaci\u00f3n de estos lugares, patrimonio de todos los santaelenenses.<\/p>\n","protected":false},"excerpt":{"rendered":"<p>En este caso se trata de la optimizaci&oacute;n de una zona de espacios p&uacute;blicos y la instalaci&oacute;n de luminarias en calle Santa Fe. El municipio trabaj&oacute; en la renovaci&oacute;n y optimizaci&oacute;n de espacios p&uacute;blicos y de uso gratuito para locales y turistas, por medio de personal municipal. En la jornada de hoy se abordaron tareas [&hellip;]<\/p>\n","protected":false},"author":2,"featured_media":8904,"comment_status":"open","ping_status":"open","sticky":false,"template":"","format":"standard","meta":{"footnotes":""},"categories":[3272],"tags":[210,207,1532],"class_list":["post-8901","post","type-post","status-publish","format-standard","has-post-thumbnail","hentry","category-municipales","tag-municipalidad","tag-santa-elena","tag-tareas"],"_links":{"self":[{"href":"https:\/\/partediario.com.ar\/index.php?rest_route=\/wp\/v2\/posts\/8901","targetHints":{"allow":["GET"]}}],"collection":[{"href":"https:\/\/partediario.com.ar\/index.php?rest_route=\/wp\/v2\/posts"}],"about":[{"href":"https:\/\/partediario.com.ar\/index.php?rest_route=\/wp\/v2\/types\/post"}],"author":[{"embeddable":true,"href":"https:\/\/partediario.com.ar\/index.php?rest_route=\/wp\/v2\/users\/2"}],"replies":[{"embeddable":true,"href":"https:\/\/partediario.com.ar\/index.php?rest_route=%2Fwp%2Fv2%2Fcomments&post=8901"}],"version-history":[{"count":1,"href":"https:\/\/partediario.com.ar\/index.php?rest_route=\/wp\/v2\/posts\/8901\/revisions"}],"predecessor-version":[{"id":8906,"href":"https:\/\/partediario.com.ar\/index.php?rest_route=\/wp\/v2\/posts\/8901\/revisions\/8906"}],"wp:featuredmedia":[{"embeddable":true,"href":"https:\/\/partediario.com.ar\/index.php?rest_route=\/wp\/v2\/media\/8904"}],"wp:attachment":[{"href":"https:\/\/partediario.com.ar\/index.php?rest_route=%2Fwp%2Fv2%2Fmedia&parent=8901"}],"wp:term":[{"taxonomy":"category","embeddable":true,"href":"https:\/\/partediario.com.ar\/index.php?rest_route=%2Fwp%2Fv2%2Fcategories&post=8901"},{"taxonomy":"post_tag","embeddable":true,"href":"https:\/\/partediario.com.ar\/index.php?rest_route=%2Fwp%2Fv2%2Ftags&post=8901"}],"curies":[{"name":"wp","href":"https:\/\/api.w.org\/{rel}","templated":true}]}}