{"id":8907,"date":"2024-10-29T08:14:50","date_gmt":"2024-10-29T11:14:50","guid":{"rendered":"https:\/\/partediario.com.ar\/?p=8907"},"modified":"2024-10-31T10:23:19","modified_gmt":"2024-10-31T13:23:19","slug":"tragedia-en-villa-gesell-se-derrumbo-una-parte-de-un-edificio-y-hay-entre-7-y-9-personas-desaparecidas","status":"publish","type":"post","link":"https:\/\/partediario.com.ar\/?p=8907","title":{"rendered":"Tragedia en Villa Gesell: se derrumb\u00f3 una parte de un edificio y hay entre 7 y 9 personas desaparecidas"},"content":{"rendered":"\n<h3 class=\"wp-block-heading\">El siniestro sucedi\u00f3 en Avenida Buenos Aires y 1 donde funcionaba el Hotel Dubrovnik y, por el momento, se desconocen las causas que lo generaron el derrumbe.<\/h3>\n\n\n\n<p>Hugo Piriz, jefe de Bomberos de la localidad balnearia, brind\u00f3 detalles sobre la situaci\u00f3n actual del derrumbe del 80 por ciento del Hotel Dubrovnik.<\/p>\n\n\n\n<p>Entre siete y nueve personas hay atrapadas entre los escombros producto del derrumbe en el hotel Dubrovnik en Villa Gesell. Hugo Piriz, jefe de Bomberos de la localidad balnearia, se\u00f1al\u00f3 que ya tomaron conocimiento con dos damnificadas.<\/p>\n\n\n\n<p>\u201cEstamos en contacto con una persona y los canes marcaron otra m\u00e1s a la que estamos tratando de alcanzar, pero estar\u00eda a 4 o 5 metros de profundidad\u201d, explic\u00f3 el jefe de Bomberos.<\/p>\n\n\n\n<p>En di\u00e1logo con Ari Paluch por Arizona en la Rock&amp;Pop, Piriz indic\u00f3 que ahora est\u00e1n en otro lugar donde la unidad K9 marc\u00f3.<\/p>\n\n\n\n<p>\u201cEse contacto fue hace casi dos horas\u201d, destac\u00f3 Piriz, quien adem\u00e1s indic\u00f3 que bomberos de toda la regi\u00f3n est\u00e1n ayudando en el operativo.<\/p>\n\n\n\n<p>Finalizando, el jefe de Bomberos expres\u00f3 que la situaci\u00f3n es complicada ya que \u201chay mucho escombro\u201d.<\/p>\n\n\n\n<p>El siniestro se produjo cerca de la una de la madrugada en un inmueble situado en Buenos Aires y 1 donde funcionaba el Hotel Dubrovnik y, por el momento, se desconocen las causas que provocaron el derrumbe.<\/p>\n\n\n\n<p>Seg\u00fan las primeras informaciones, se calcula que fue afectado por el derrumbe m\u00e1s del 80 por ciento del edificio, que estaba en obra.<\/p>\n\n\n\n<p>Noticia en desarrollo.<\/p>\n","protected":false},"excerpt":{"rendered":"<p>El siniestro sucedi&oacute; en Avenida Buenos Aires y 1 donde funcionaba el Hotel Dubrovnik y, por el momento, se desconocen las causas que lo generaron el derrumbe. Hugo Piriz, jefe de Bomberos de la localidad balnearia, brind&oacute; detalles sobre la situaci&oacute;n actual del derrumbe del 80 por ciento del Hotel Dubrovnik. Entre siete y nueve [&hellip;]<\/p>\n","protected":false},"author":2,"featured_media":8908,"comment_status":"open","ping_status":"open","sticky":false,"template":"","format":"standard","meta":{"footnotes":""},"categories":[5,7],"tags":[3256,2221,4030,4029],"class_list":["post-8907","post","type-post","status-publish","format-standard","has-post-thumbnail","hentry","category-nacionales","category-policiales","tag-derrumbe","tag-edificio","tag-hotel-dubrovnik","tag-villa-gesell"],"_links":{"self":[{"href":"https:\/\/partediario.com.ar\/index.php?rest_route=\/wp\/v2\/posts\/8907","targetHints":{"allow":["GET"]}}],"collection":[{"href":"https:\/\/partediario.com.ar\/index.php?rest_route=\/wp\/v2\/posts"}],"about":[{"href":"https:\/\/partediario.com.ar\/index.php?rest_route=\/wp\/v2\/types\/post"}],"author":[{"embeddable":true,"href":"https:\/\/partediario.com.ar\/index.php?rest_route=\/wp\/v2\/users\/2"}],"replies":[{"embeddable":true,"href":"https:\/\/partediario.com.ar\/index.php?rest_route=%2Fwp%2Fv2%2Fcomments&post=8907"}],"version-history":[{"count":1,"href":"https:\/\/partediario.com.ar\/index.php?rest_route=\/wp\/v2\/posts\/8907\/revisions"}],"predecessor-version":[{"id":8909,"href":"https:\/\/partediario.com.ar\/index.php?rest_route=\/wp\/v2\/posts\/8907\/revisions\/8909"}],"wp:featuredmedia":[{"embeddable":true,"href":"https:\/\/partediario.com.ar\/index.php?rest_route=\/wp\/v2\/media\/8908"}],"wp:attachment":[{"href":"https:\/\/partediario.com.ar\/index.php?rest_route=%2Fwp%2Fv2%2Fmedia&parent=8907"}],"wp:term":[{"taxonomy":"category","embeddable":true,"href":"https:\/\/partediario.com.ar\/index.php?rest_route=%2Fwp%2Fv2%2Fcategories&post=8907"},{"taxonomy":"post_tag","embeddable":true,"href":"https:\/\/partediario.com.ar\/index.php?rest_route=%2Fwp%2Fv2%2Ftags&post=8907"}],"curies":[{"name":"wp","href":"https:\/\/api.w.org\/{rel}","templated":true}]}}