{"id":8921,"date":"2024-10-29T17:02:26","date_gmt":"2024-10-29T20:02:26","guid":{"rendered":"https:\/\/partediario.com.ar\/?p=8921"},"modified":"2024-10-29T17:02:31","modified_gmt":"2024-10-29T20:02:31","slug":"santa-elena-la-municipalidad-convoca-a-profesionales-guardavidas-para-la-temporada-estival","status":"publish","type":"post","link":"https:\/\/partediario.com.ar\/?p=8921","title":{"rendered":"Santa Elena: la Municipalidad convoca a profesionales guardavidas para la temporada estival"},"content":{"rendered":"\n<h3 class=\"wp-block-heading\">La Coordinaci\u00f3n de Deportes dio a conocer la convocatoria de profesionales guardavidas para prestar servicios en el Balneario y natatorio Municipal de Santa Elena durante la temporada estival.<\/h3>\n\n\n\n<p>Se recibe la documentaci\u00f3n con antecedentes y datos personales (Curr\u00edculum Vitae, Fotocopia de DNI y libreta de guardavidas + rev\u00e1lida y antecedentes laborales) del 28 al 31 de octubre por mesa de entradas en el edificio municipal, se\u00f1alaron desde el \u00e1rea de Coordinaci\u00f3n de Deportes del municipio.<\/p>\n\n\n\n<p><\/p>\n\n\n\n<figure class=\"wp-block-image size-full\"><img loading=\"lazy\" decoding=\"async\" width=\"526\" height=\"526\" src=\"https:\/\/partediario.com.ar\/wp-content\/uploads\/464080422_966944538810635_3466597142749998108_n.jpg\" alt=\"\" class=\"wp-image-8922\" srcset=\"https:\/\/partediario.com.ar\/wp-content\/uploads\/464080422_966944538810635_3466597142749998108_n.jpg 526w, https:\/\/partediario.com.ar\/wp-content\/uploads\/464080422_966944538810635_3466597142749998108_n-300x300.jpg 300w, https:\/\/partediario.com.ar\/wp-content\/uploads\/464080422_966944538810635_3466597142749998108_n-150x150.jpg 150w\" sizes=\"auto, (max-width: 526px) 100vw, 526px\" \/><\/figure>\n","protected":false},"excerpt":{"rendered":"<p>La Coordinaci&oacute;n de Deportes dio a conocer la convocatoria de profesionales guardavidas para prestar servicios en el Balneario y natatorio Municipal de Santa Elena durante la temporada estival. Se recibe la documentaci&oacute;n con antecedentes y datos personales (Curr&iacute;culum Vitae, Fotocopia de DNI y libreta de guardavidas + rev&aacute;lida y antecedentes laborales) del 28 al 31 [&hellip;]<\/p>\n","protected":false},"author":2,"featured_media":8923,"comment_status":"open","ping_status":"open","sticky":false,"template":"","format":"standard","meta":{"footnotes":""},"categories":[3272],"tags":[628,257,4033,207],"class_list":["post-8921","post","type-post","status-publish","format-standard","has-post-thumbnail","hentry","category-municipales","tag-convocatoria","tag-entre-rios","tag-guardavidas","tag-santa-elena"],"_links":{"self":[{"href":"https:\/\/partediario.com.ar\/index.php?rest_route=\/wp\/v2\/posts\/8921","targetHints":{"allow":["GET"]}}],"collection":[{"href":"https:\/\/partediario.com.ar\/index.php?rest_route=\/wp\/v2\/posts"}],"about":[{"href":"https:\/\/partediario.com.ar\/index.php?rest_route=\/wp\/v2\/types\/post"}],"author":[{"embeddable":true,"href":"https:\/\/partediario.com.ar\/index.php?rest_route=\/wp\/v2\/users\/2"}],"replies":[{"embeddable":true,"href":"https:\/\/partediario.com.ar\/index.php?rest_route=%2Fwp%2Fv2%2Fcomments&post=8921"}],"version-history":[{"count":1,"href":"https:\/\/partediario.com.ar\/index.php?rest_route=\/wp\/v2\/posts\/8921\/revisions"}],"predecessor-version":[{"id":8924,"href":"https:\/\/partediario.com.ar\/index.php?rest_route=\/wp\/v2\/posts\/8921\/revisions\/8924"}],"wp:featuredmedia":[{"embeddable":true,"href":"https:\/\/partediario.com.ar\/index.php?rest_route=\/wp\/v2\/media\/8923"}],"wp:attachment":[{"href":"https:\/\/partediario.com.ar\/index.php?rest_route=%2Fwp%2Fv2%2Fmedia&parent=8921"}],"wp:term":[{"taxonomy":"category","embeddable":true,"href":"https:\/\/partediario.com.ar\/index.php?rest_route=%2Fwp%2Fv2%2Fcategories&post=8921"},{"taxonomy":"post_tag","embeddable":true,"href":"https:\/\/partediario.com.ar\/index.php?rest_route=%2Fwp%2Fv2%2Ftags&post=8921"}],"curies":[{"name":"wp","href":"https:\/\/api.w.org\/{rel}","templated":true}]}}